{"id":8921,"date":"2026-09-02T13:59:50","date_gmt":"2026-09-02T10:59:50","guid":{"rendered":"https:\/\/listaluiedelweiss.ro\/?p=8921"},"modified":"2026-09-02T13:59:50","modified_gmt":"2026-09-02T10:59:50","slug":"gorod-the-ember-gone-lansat-pe-28-agust-2026","status":"publish","type":"post","link":"https:\/\/listaluiedelweiss.ro\/index.php\/2026\/09\/02\/gorod-the-ember-gone-lansat-pe-28-agust-2026\/","title":{"rendered":"Gorod \u2013 The Ember Gone (lansat pe 28 agust 2026)"},"content":{"rendered":"<p><em><strong><span style=\"color: #000000;\">Warning: fiecare opinie a\u0219ternut\u0103 de subsemnatul pe acest blog despre muzic\u0103 \u0219i \u00een general despre orice altceva trebuie tratat\u0103 cu lejeritate \u0219i spirit critic. Aprob\u0103rile unanime, repetate prea des, fa\u021b\u0103 de abord\u0103rile pl\u0103titorului de blog, abesen\u021ba criticilor, constituie un motiv suficient de fundamentat pentru un o banare ca la mama acas\u0103.<\/span><\/strong><\/em><\/p>\n<p style=\"text-align: center;\"><span style=\"color: #000000;\">***<\/span><\/p>\n<p><span style=\"color: #000000;\">Dac\u0103 sunte\u021bi v\u0103 place muzica f\u0103cut\u0103 de First Fragment, Necrophagist, Sun Ra, Der Weg einer Freiheit, Augury, Revocation, ei bine, b\u0103ie\u021bii de ast\u0103zi se vor \u00eentinde perfect pe felia voastr\u0103 de p\u00e2ine. \u00cenainte s\u0103 parcurge\u021bi mica cantitate de info despre ei, b\u0103ga\u021bi piesa de mai jos \u0219i \u00een caz de g\u00e2dilici pl\u0103cut pe interiorul organismului continua\u021bi cu \u00eencredere.<\/span><\/p>\n<div class=\"jetpack-video-wrapper\"><iframe loading=\"lazy\" hcb-fetch-image-from=\"https:\/\/youtu.be\/0ooSyHdyntE?si=BUguLI02_GdV6yp5\" title=\"GOROD | Forgiveness [Official Music Video]\" width=\"640\" height=\"360\" src=\"https:\/\/www.youtube.com\/embed\/0ooSyHdyntE?feature=oembed\" frameborder=\"0\" allow=\"accelerometer; autoplay; clipboard-write; encrypted-media; gyroscope; picture-in-picture; web-share\" referrerpolicy=\"strict-origin-when-cross-origin\" allowfullscreen><\/iframe><\/div>\n<p data-path-to-node=\"3\"><span style=\"color: #000000;\">Gorod este o trup\u0103 francez\u0103 de death metal tehnic \/ death metal progresiv \u00eenfiin\u021bat\u0103 \u00een anul 1997, la Bordeaux, ini\u021bial sub numele de Gorgasm, schimbat \u00een Gorod \u00een 2005 pentru a evita confuzia cu trupa american\u0103 de brutal death metal cu acela\u0219i nume. Forma\u021bia s-a impus drept una dintre cele mai spectaculoase \u0219i inovatoare for\u021be ale metalului extrem european. Muzica lor se distinge prin complexitate tehnic\u0103 uluitoare, o doz\u0103 de groove \u0219i funk, toate livrate \u00een deja clasica abordare a muzicii extreme franceze.<\/span><\/p>\n<p data-path-to-node=\"5\"><span style=\"color: #000000;\">Deci, \u00een fa\u021ba noastr\u0103 st\u0103 un death metal hiper-articulat, melodic, ce combin\u0103 agilitatea \u00een stil Cynic, Death \u0219i Atheist cu elemente moderne de djent, jazz-fusion \u0219i riff-uri de bas ultra-groovy. Abordarea asta a celor de la Gorod \u00eei deosebe\u0219te de marea mas\u0103 a trupelor de death metal tehnic. \u00cen timp ce al\u021bii acord\u0103 \u00eent\u00e2ietate vitezei brute, francezii au ales s\u0103 se joace cu ritmicitatea, melodia \u0219i construc\u021bia inteligent\u0103 a pieselor.<\/span><\/p>\n<p data-path-to-node=\"5\"><em><strong><span style=\"color: #000000;\">The Ember Gone (2026)\u00a0<\/span><\/strong><\/em><span style=\"color: #000000;\">este dovada c\u0103 nu \u00eentotdeauna curgerea timpului uzeaz\u0103 creativitate. Oamenii au reu\u0219it dup\u0103 21 de ani de la albumul de debut un material la fel de viu, lucru extrem de rar \u00een lumea artistic\u0103 de orice fel. Oricum arti\u0219tii francezi au ceva dar sunt unii, ca cei de la Gorod, care au altceva \u00een plus fa\u021b\u0103 de media cona\u021bionalilor.\u00a0<\/span><\/p>\n<p data-path-to-node=\"5\"><span style=\"color: #000000;\">Albumul<\/span> <em><strong><span style=\"color: #000000;\">The Ember Gone (2026)<\/span><\/strong><\/em> <span style=\"color: #000000;\">\u00eel pute\u021bi asculta<\/span><em><strong><span style=\"color: #ff0000;\">\u00a0<a style=\"color: #ff0000;\" href=\"https:\/\/music.youtube.com\/playlist?list=OLAK5uy_lbhlCm2qpmk16HAe7KuOrMtFsZj-gBSSM&amp;si=q0eK_aPB1urKYsWz\" target=\"_blank\" rel=\"noopener\">AICI<\/a><\/span><\/strong><\/em>. <span style=\"color: #000000;\">Dac\u0103 a\u0219 fi caracati\u021b\u0103 a\u0219 vota pozitiv cu toate cele opt tenatacule pentru albumul \u0103sta, fiind om, votez cu tot ce am. Dou\u0103 bra\u021be \u0219i un suflet.<\/span><\/p>\n<p data-path-to-node=\"5\"><span style=\"color: #000000;\">Dac\u0103 nu \u0219ti\u021bi trupa \u0219i vre\u021bi s\u0103 \u00eei cunoa\u0219te\u021bi muzica mai bine, o g\u0103si\u021bi<\/span>\u00a0<em><strong><span style=\"color: #ff0000;\"><a style=\"color: #ff0000;\" href=\"https:\/\/music.youtube.com\/@GOROD_Official\" target=\"_blank\" rel=\"noopener\">AICI<\/a><\/span><\/strong><\/em>.<\/p>\n","protected":false},"excerpt":{"rendered":"<p>Warning: fiecare opinie a\u0219ternut\u0103 de subsemnatul pe acest blog despre muzic\u0103 \u0219i \u00een general despre orice altceva trebuie tratat\u0103 cu lejeritate \u0219i spirit critic. Aprob\u0103rile unanime, repetate prea des, fa\u021b\u0103 de abord\u0103rile pl\u0103titorului de blog, abesen\u021ba criticilor, constituie un motiv suficient de fundamentat pentru un o banare ca la mama acas\u0103. *** Dac\u0103 sunte\u021bi v\u0103&#8230;<\/p>\n","protected":false},"author":1,"featured_media":8324,"comment_status":"open","ping_status":"open","sticky":false,"template":"","format":"standard","meta":{"_jetpack_newsletter_access":"","_jetpack_dont_email_post_to_subs":false,"_jetpack_newsletter_tier_id":0,"_jetpack_memberships_contains_paywalled_content":false,"_jetpack_feature_clip_id":0,"_jetpack_memberships_contains_paid_content":false,"footnotes":"","jetpack_post_was_ever_published":false},"categories":[30],"tags":[],"class_list":["post-8921","post","type-post","status-publish","format-standard","has-post-thumbnail","hentry","category-recenzii-subiective-despre-muzica"],"yoast_head":"<!-- This site is optimized with the Yoast SEO plugin v28.4 - https:\/\/yoast.com\/product\/yoast-seo-wordpress\/ -->\n<title>Gorod \u2013 The Ember Gone (lansat pe 28 agust 2026) - Lista lui Edelweiss<\/title>\n<meta name=\"robots\" content=\"index, follow, max-snippet:-1, max-image-preview:large, max-video-preview:-1\" \/>\n<link rel=\"canonical\" href=\"https:\/\/listaluiedelweiss.ro\/index.php\/2026\/09\/02\/gorod-the-ember-gone-lansat-pe-28-agust-2026\/\" \/>\n<meta property=\"og:locale\" content=\"ro_RO\" \/>\n<meta property=\"og:type\" content=\"article\" \/>\n<meta property=\"og:title\" content=\"Gorod \u2013 The Ember Gone (lansat pe 28 agust 2026) - Lista lui Edelweiss\" \/>\n<meta property=\"og:description\" content=\"Warning: fiecare opinie a\u0219ternut\u0103 de subsemnatul pe acest blog despre muzic\u0103 \u0219i \u00een general despre orice altceva trebuie tratat\u0103 cu lejeritate \u0219i spirit critic. Aprob\u0103rile unanime, repetate prea des, fa\u021b\u0103 de abord\u0103rile pl\u0103titorului de blog, abesen\u021ba criticilor, constituie un motiv suficient de fundamentat pentru un o banare ca la mama acas\u0103. *** Dac\u0103 sunte\u021bi v\u0103...\" \/>\n<meta property=\"og:url\" content=\"https:\/\/listaluiedelweiss.ro\/index.php\/2026\/09\/02\/gorod-the-ember-gone-lansat-pe-28-agust-2026\/\" \/>\n<meta property=\"og:site_name\" content=\"Lista lui Edelweiss\" \/>\n<meta property=\"article:publisher\" content=\"https:\/\/www.facebook.com\/profile.php?id=61573060528727\" \/>\n<meta property=\"article:author\" content=\"https:\/\/www.facebook.com\/profile.php?id=61573060528727\" \/>\n<meta property=\"article:published_time\" content=\"2026-09-02T10:59:50+00:00\" \/>\n<meta property=\"og:image\" content=\"https:\/\/listaluiedelweiss.ro\/wp-content\/uploads\/2026\/06\/Un-album-o-parere-banner-nou-scaled.jpg\" \/>\n\t<meta property=\"og:image:width\" content=\"2560\" \/>\n\t<meta property=\"og:image:height\" content=\"846\" \/>\n\t<meta property=\"og:image:type\" content=\"image\/jpeg\" \/>\n<meta name=\"author\" content=\"Edelweiss\" \/>\n<meta name=\"twitter:card\" content=\"summary_large_image\" \/>\n<meta name=\"twitter:label1\" content=\"Scris de\" \/>\n\t<meta name=\"twitter:data1\" content=\"Edelweiss\" \/>\n\t<meta name=\"twitter:label2\" content=\"Timp estimat pentru citire\" \/>\n\t<meta name=\"twitter:data2\" content=\"3 minute\" \/>\n<script type=\"application\/ld+json\" class=\"yoast-schema-graph\">{\"@context\":\"https:\\\/\\\/schema.org\",\"@graph\":[{\"@type\":\"Article\",\"@id\":\"https:\\\/\\\/listaluiedelweiss.ro\\\/index.php\\\/2026\\\/09\\\/02\\\/gorod-the-ember-gone-lansat-pe-28-agust-2026\\\/#article\",\"isPartOf\":{\"@id\":\"https:\\\/\\\/listaluiedelweiss.ro\\\/index.php\\\/2026\\\/09\\\/02\\\/gorod-the-ember-gone-lansat-pe-28-agust-2026\\\/\"},\"author\":{\"name\":\"Edelweiss\",\"@id\":\"https:\\\/\\\/listaluiedelweiss.ro\\\/#\\\/schema\\\/person\\\/8cb7fb07445544ddf9ea8a880738937e\"},\"headline\":\"Gorod \u2013 The Ember Gone (lansat pe 28 agust 2026)\",\"datePublished\":\"2026-09-02T10:59:50+00:00\",\"mainEntityOfPage\":{\"@id\":\"https:\\\/\\\/listaluiedelweiss.ro\\\/index.php\\\/2026\\\/09\\\/02\\\/gorod-the-ember-gone-lansat-pe-28-agust-2026\\\/\"},\"wordCount\":423,\"commentCount\":2,\"publisher\":{\"@id\":\"https:\\\/\\\/listaluiedelweiss.ro\\\/#\\\/schema\\\/person\\\/8cb7fb07445544ddf9ea8a880738937e\"},\"image\":{\"@id\":\"https:\\\/\\\/listaluiedelweiss.ro\\\/index.php\\\/2026\\\/09\\\/02\\\/gorod-the-ember-gone-lansat-pe-28-agust-2026\\\/#primaryimage\"},\"thumbnailUrl\":\"https:\\\/\\\/listaluiedelweiss.ro\\\/wp-content\\\/uploads\\\/2026\\\/06\\\/Un-album-o-parere-banner-nou-scaled.jpg\",\"articleSection\":[\"Un album, o p\u0103rere\"],\"inLanguage\":\"ro-RO\",\"potentialAction\":[{\"@type\":\"CommentAction\",\"name\":\"Comment\",\"target\":[\"https:\\\/\\\/listaluiedelweiss.ro\\\/index.php\\\/2026\\\/09\\\/02\\\/gorod-the-ember-gone-lansat-pe-28-agust-2026\\\/#respond\"]}]},{\"@type\":\"WebPage\",\"@id\":\"https:\\\/\\\/listaluiedelweiss.ro\\\/index.php\\\/2026\\\/09\\\/02\\\/gorod-the-ember-gone-lansat-pe-28-agust-2026\\\/\",\"url\":\"https:\\\/\\\/listaluiedelweiss.ro\\\/index.php\\\/2026\\\/09\\\/02\\\/gorod-the-ember-gone-lansat-pe-28-agust-2026\\\/\",\"name\":\"Gorod \u2013 The Ember Gone (lansat pe 28 agust 2026) - Lista lui Edelweiss\",\"isPartOf\":{\"@id\":\"https:\\\/\\\/listaluiedelweiss.ro\\\/#website\"},\"primaryImageOfPage\":{\"@id\":\"https:\\\/\\\/listaluiedelweiss.ro\\\/index.php\\\/2026\\\/09\\\/02\\\/gorod-the-ember-gone-lansat-pe-28-agust-2026\\\/#primaryimage\"},\"image\":{\"@id\":\"https:\\\/\\\/listaluiedelweiss.ro\\\/index.php\\\/2026\\\/09\\\/02\\\/gorod-the-ember-gone-lansat-pe-28-agust-2026\\\/#primaryimage\"},\"thumbnailUrl\":\"https:\\\/\\\/listaluiedelweiss.ro\\\/wp-content\\\/uploads\\\/2026\\\/06\\\/Un-album-o-parere-banner-nou-scaled.jpg\",\"datePublished\":\"2026-09-02T10:59:50+00:00\",\"breadcrumb\":{\"@id\":\"https:\\\/\\\/listaluiedelweiss.ro\\\/index.php\\\/2026\\\/09\\\/02\\\/gorod-the-ember-gone-lansat-pe-28-agust-2026\\\/#breadcrumb\"},\"inLanguage\":\"ro-RO\",\"potentialAction\":[{\"@type\":\"ReadAction\",\"target\":[\"https:\\\/\\\/listaluiedelweiss.ro\\\/index.php\\\/2026\\\/09\\\/02\\\/gorod-the-ember-gone-lansat-pe-28-agust-2026\\\/\"]}]},{\"@type\":\"ImageObject\",\"inLanguage\":\"ro-RO\",\"@id\":\"https:\\\/\\\/listaluiedelweiss.ro\\\/index.php\\\/2026\\\/09\\\/02\\\/gorod-the-ember-gone-lansat-pe-28-agust-2026\\\/#primaryimage\",\"url\":\"https:\\\/\\\/listaluiedelweiss.ro\\\/wp-content\\\/uploads\\\/2026\\\/06\\\/Un-album-o-parere-banner-nou-scaled.jpg\",\"contentUrl\":\"https:\\\/\\\/listaluiedelweiss.ro\\\/wp-content\\\/uploads\\\/2026\\\/06\\\/Un-album-o-parere-banner-nou-scaled.jpg\",\"width\":2560,\"height\":846},{\"@type\":\"BreadcrumbList\",\"@id\":\"https:\\\/\\\/listaluiedelweiss.ro\\\/index.php\\\/2026\\\/09\\\/02\\\/gorod-the-ember-gone-lansat-pe-28-agust-2026\\\/#breadcrumb\",\"itemListElement\":[{\"@type\":\"ListItem\",\"position\":1,\"name\":\"Home\",\"item\":\"https:\\\/\\\/listaluiedelweiss.ro\\\/\"},{\"@type\":\"ListItem\",\"position\":2,\"name\":\"Gorod \u2013 The Ember Gone (lansat pe 28 agust 2026)\"}]},{\"@type\":\"WebSite\",\"@id\":\"https:\\\/\\\/listaluiedelweiss.ro\\\/#website\",\"url\":\"https:\\\/\\\/listaluiedelweiss.ro\\\/\",\"name\":\"Lista lui Edelweiss\",\"description\":\"For truth, life, and heavy metal.\",\"publisher\":{\"@id\":\"https:\\\/\\\/listaluiedelweiss.ro\\\/#\\\/schema\\\/person\\\/8cb7fb07445544ddf9ea8a880738937e\"},\"potentialAction\":[{\"@type\":\"SearchAction\",\"target\":{\"@type\":\"EntryPoint\",\"urlTemplate\":\"https:\\\/\\\/listaluiedelweiss.ro\\\/?s={search_term_string}\"},\"query-input\":{\"@type\":\"PropertyValueSpecification\",\"valueRequired\":true,\"valueName\":\"search_term_string\"}}],\"inLanguage\":\"ro-RO\"},{\"@type\":[\"Person\",\"Organization\"],\"@id\":\"https:\\\/\\\/listaluiedelweiss.ro\\\/#\\\/schema\\\/person\\\/8cb7fb07445544ddf9ea8a880738937e\",\"name\":\"Edelweiss\",\"image\":{\"@type\":\"ImageObject\",\"inLanguage\":\"ro-RO\",\"@id\":\"https:\\\/\\\/secure.gravatar.com\\\/avatar\\\/edc47d38b4ff3b829e7d9c6bafbd137257ee3b0e2b1cd10e5732cf52c4ca059b?s=96&d=wavatar&r=g\",\"url\":\"https:\\\/\\\/secure.gravatar.com\\\/avatar\\\/edc47d38b4ff3b829e7d9c6bafbd137257ee3b0e2b1cd10e5732cf52c4ca059b?s=96&d=wavatar&r=g\",\"contentUrl\":\"https:\\\/\\\/secure.gravatar.com\\\/avatar\\\/edc47d38b4ff3b829e7d9c6bafbd137257ee3b0e2b1cd10e5732cf52c4ca059b?s=96&d=wavatar&r=g\",\"caption\":\"Edelweiss\"},\"logo\":{\"@id\":\"https:\\\/\\\/secure.gravatar.com\\\/avatar\\\/edc47d38b4ff3b829e7d9c6bafbd137257ee3b0e2b1cd10e5732cf52c4ca059b?s=96&d=wavatar&r=g\"},\"sameAs\":[\"https:\\\/\\\/listaluiedelweiss.ro\",\"https:\\\/\\\/www.facebook.com\\\/profile.php?id=61573060528727\",\"https:\\\/\\\/www.youtube.com\\\/@Edelweiss74\"],\"url\":\"https:\\\/\\\/listaluiedelweiss.ro\\\/index.php\\\/author\\\/admin_cm1eo3dr\\\/\"}]}<\/script>\n<!-- \/ Yoast SEO plugin. -->","yoast_head_json":{"title":"Gorod \u2013 The Ember Gone (lansat pe 28 agust 2026) - Lista lui Edelweiss","robots":{"index":"index","follow":"follow","max-snippet":"max-snippet:-1","max-image-preview":"max-image-preview:large","max-video-preview":"max-video-preview:-1"},"canonical":"https:\/\/listaluiedelweiss.ro\/index.php\/2026\/09\/02\/gorod-the-ember-gone-lansat-pe-28-agust-2026\/","og_locale":"ro_RO","og_type":"article","og_title":"Gorod \u2013 The Ember Gone (lansat pe 28 agust 2026) - Lista lui Edelweiss","og_description":"Warning: fiecare opinie a\u0219ternut\u0103 de subsemnatul pe acest blog despre muzic\u0103 \u0219i \u00een general despre orice altceva trebuie tratat\u0103 cu lejeritate \u0219i spirit critic. Aprob\u0103rile unanime, repetate prea des, fa\u021b\u0103 de abord\u0103rile pl\u0103titorului de blog, abesen\u021ba criticilor, constituie un motiv suficient de fundamentat pentru un o banare ca la mama acas\u0103. *** Dac\u0103 sunte\u021bi v\u0103...","og_url":"https:\/\/listaluiedelweiss.ro\/index.php\/2026\/09\/02\/gorod-the-ember-gone-lansat-pe-28-agust-2026\/","og_site_name":"Lista lui Edelweiss","article_publisher":"https:\/\/www.facebook.com\/profile.php?id=61573060528727","article_author":"https:\/\/www.facebook.com\/profile.php?id=61573060528727","article_published_time":"2026-09-02T10:59:50+00:00","og_image":[{"width":2560,"height":846,"url":"https:\/\/listaluiedelweiss.ro\/wp-content\/uploads\/2026\/06\/Un-album-o-parere-banner-nou-scaled.jpg","type":"image\/jpeg"}],"author":"Edelweiss","twitter_card":"summary_large_image","twitter_misc":{"Scris de":"Edelweiss","Timp estimat pentru citire":"3 minute"},"schema":{"@context":"https:\/\/schema.org","@graph":[{"@type":"Article","@id":"https:\/\/listaluiedelweiss.ro\/index.php\/2026\/09\/02\/gorod-the-ember-gone-lansat-pe-28-agust-2026\/#article","isPartOf":{"@id":"https:\/\/listaluiedelweiss.ro\/index.php\/2026\/09\/02\/gorod-the-ember-gone-lansat-pe-28-agust-2026\/"},"author":{"name":"Edelweiss","@id":"https:\/\/listaluiedelweiss.ro\/#\/schema\/person\/8cb7fb07445544ddf9ea8a880738937e"},"headline":"Gorod \u2013 The Ember Gone (lansat pe 28 agust 2026)","datePublished":"2026-09-02T10:59:50+00:00","mainEntityOfPage":{"@id":"https:\/\/listaluiedelweiss.ro\/index.php\/2026\/09\/02\/gorod-the-ember-gone-lansat-pe-28-agust-2026\/"},"wordCount":423,"commentCount":2,"publisher":{"@id":"https:\/\/listaluiedelweiss.ro\/#\/schema\/person\/8cb7fb07445544ddf9ea8a880738937e"},"image":{"@id":"https:\/\/listaluiedelweiss.ro\/index.php\/2026\/09\/02\/gorod-the-ember-gone-lansat-pe-28-agust-2026\/#primaryimage"},"thumbnailUrl":"https:\/\/listaluiedelweiss.ro\/wp-content\/uploads\/2026\/06\/Un-album-o-parere-banner-nou-scaled.jpg","articleSection":["Un album, o p\u0103rere"],"inLanguage":"ro-RO","potentialAction":[{"@type":"CommentAction","name":"Comment","target":["https:\/\/listaluiedelweiss.ro\/index.php\/2026\/09\/02\/gorod-the-ember-gone-lansat-pe-28-agust-2026\/#respond"]}]},{"@type":"WebPage","@id":"https:\/\/listaluiedelweiss.ro\/index.php\/2026\/09\/02\/gorod-the-ember-gone-lansat-pe-28-agust-2026\/","url":"https:\/\/listaluiedelweiss.ro\/index.php\/2026\/09\/02\/gorod-the-ember-gone-lansat-pe-28-agust-2026\/","name":"Gorod \u2013 The Ember Gone (lansat pe 28 agust 2026) - Lista lui Edelweiss","isPartOf":{"@id":"https:\/\/listaluiedelweiss.ro\/#website"},"primaryImageOfPage":{"@id":"https:\/\/listaluiedelweiss.ro\/index.php\/2026\/09\/02\/gorod-the-ember-gone-lansat-pe-28-agust-2026\/#primaryimage"},"image":{"@id":"https:\/\/listaluiedelweiss.ro\/index.php\/2026\/09\/02\/gorod-the-ember-gone-lansat-pe-28-agust-2026\/#primaryimage"},"thumbnailUrl":"https:\/\/listaluiedelweiss.ro\/wp-content\/uploads\/2026\/06\/Un-album-o-parere-banner-nou-scaled.jpg","datePublished":"2026-09-02T10:59:50+00:00","breadcrumb":{"@id":"https:\/\/listaluiedelweiss.ro\/index.php\/2026\/09\/02\/gorod-the-ember-gone-lansat-pe-28-agust-2026\/#breadcrumb"},"inLanguage":"ro-RO","potentialAction":[{"@type":"ReadAction","target":["https:\/\/listaluiedelweiss.ro\/index.php\/2026\/09\/02\/gorod-the-ember-gone-lansat-pe-28-agust-2026\/"]}]},{"@type":"ImageObject","inLanguage":"ro-RO","@id":"https:\/\/listaluiedelweiss.ro\/index.php\/2026\/09\/02\/gorod-the-ember-gone-lansat-pe-28-agust-2026\/#primaryimage","url":"https:\/\/listaluiedelweiss.ro\/wp-content\/uploads\/2026\/06\/Un-album-o-parere-banner-nou-scaled.jpg","contentUrl":"https:\/\/listaluiedelweiss.ro\/wp-content\/uploads\/2026\/06\/Un-album-o-parere-banner-nou-scaled.jpg","width":2560,"height":846},{"@type":"BreadcrumbList","@id":"https:\/\/listaluiedelweiss.ro\/index.php\/2026\/09\/02\/gorod-the-ember-gone-lansat-pe-28-agust-2026\/#breadcrumb","itemListElement":[{"@type":"ListItem","position":1,"name":"Home","item":"https:\/\/listaluiedelweiss.ro\/"},{"@type":"ListItem","position":2,"name":"Gorod \u2013 The Ember Gone (lansat pe 28 agust 2026)"}]},{"@type":"WebSite","@id":"https:\/\/listaluiedelweiss.ro\/#website","url":"https:\/\/listaluiedelweiss.ro\/","name":"Lista lui Edelweiss","description":"For truth, life, and heavy metal.","publisher":{"@id":"https:\/\/listaluiedelweiss.ro\/#\/schema\/person\/8cb7fb07445544ddf9ea8a880738937e"},"potentialAction":[{"@type":"SearchAction","target":{"@type":"EntryPoint","urlTemplate":"https:\/\/listaluiedelweiss.ro\/?s={search_term_string}"},"query-input":{"@type":"PropertyValueSpecification","valueRequired":true,"valueName":"search_term_string"}}],"inLanguage":"ro-RO"},{"@type":["Person","Organization"],"@id":"https:\/\/listaluiedelweiss.ro\/#\/schema\/person\/8cb7fb07445544ddf9ea8a880738937e","name":"Edelweiss","image":{"@type":"ImageObject","inLanguage":"ro-RO","@id":"https:\/\/secure.gravatar.com\/avatar\/edc47d38b4ff3b829e7d9c6bafbd137257ee3b0e2b1cd10e5732cf52c4ca059b?s=96&d=wavatar&r=g","url":"https:\/\/secure.gravatar.com\/avatar\/edc47d38b4ff3b829e7d9c6bafbd137257ee3b0e2b1cd10e5732cf52c4ca059b?s=96&d=wavatar&r=g","contentUrl":"https:\/\/secure.gravatar.com\/avatar\/edc47d38b4ff3b829e7d9c6bafbd137257ee3b0e2b1cd10e5732cf52c4ca059b?s=96&d=wavatar&r=g","caption":"Edelweiss"},"logo":{"@id":"https:\/\/secure.gravatar.com\/avatar\/edc47d38b4ff3b829e7d9c6bafbd137257ee3b0e2b1cd10e5732cf52c4ca059b?s=96&d=wavatar&r=g"},"sameAs":["https:\/\/listaluiedelweiss.ro","https:\/\/www.facebook.com\/profile.php?id=61573060528727","https:\/\/www.youtube.com\/@Edelweiss74"],"url":"https:\/\/listaluiedelweiss.ro\/index.php\/author\/admin_cm1eo3dr\/"}]}},"jetpack_sharing_enabled":true,"jetpack_featured_media_url":"https:\/\/listaluiedelweiss.ro\/wp-content\/uploads\/2026\/06\/Un-album-o-parere-banner-nou-scaled.jpg","_links":{"self":[{"href":"https:\/\/listaluiedelweiss.ro\/index.php\/wp-json\/wp\/v2\/posts\/8921","targetHints":{"allow":["GET"]}}],"collection":[{"href":"https:\/\/listaluiedelweiss.ro\/index.php\/wp-json\/wp\/v2\/posts"}],"about":[{"href":"https:\/\/listaluiedelweiss.ro\/index.php\/wp-json\/wp\/v2\/types\/post"}],"author":[{"embeddable":true,"href":"https:\/\/listaluiedelweiss.ro\/index.php\/wp-json\/wp\/v2\/users\/1"}],"replies":[{"embeddable":true,"href":"https:\/\/listaluiedelweiss.ro\/index.php\/wp-json\/wp\/v2\/comments?post=8921"}],"version-history":[{"count":1,"href":"https:\/\/listaluiedelweiss.ro\/index.php\/wp-json\/wp\/v2\/posts\/8921\/revisions"}],"predecessor-version":[{"id":8922,"href":"https:\/\/listaluiedelweiss.ro\/index.php\/wp-json\/wp\/v2\/posts\/8921\/revisions\/8922"}],"wp:featuredmedia":[{"embeddable":true,"href":"https:\/\/listaluiedelweiss.ro\/index.php\/wp-json\/wp\/v2\/media\/8324"}],"wp:attachment":[{"href":"https:\/\/listaluiedelweiss.ro\/index.php\/wp-json\/wp\/v2\/media?parent=8921"}],"wp:term":[{"taxonomy":"category","embeddable":true,"href":"https:\/\/listaluiedelweiss.ro\/index.php\/wp-json\/wp\/v2\/categories?post=8921"},{"taxonomy":"post_tag","embeddable":true,"href":"https:\/\/listaluiedelweiss.ro\/index.php\/wp-json\/wp\/v2\/tags?post=8921"}],"curies":[{"name":"wp","href":"https:\/\/api.w.org\/{rel}","templated":true}]}}