{"id":8890,"date":"2026-08-31T08:53:29","date_gmt":"2026-08-31T05:53:29","guid":{"rendered":"https:\/\/listaluiedelweiss.ro\/?p=8890"},"modified":"2026-08-31T09:21:04","modified_gmt":"2026-08-31T06:21:04","slug":"teme-pentru-vacanta-da-au-ba","status":"publish","type":"post","link":"https:\/\/listaluiedelweiss.ro\/index.php\/2026\/08\/31\/teme-pentru-vacanta-da-au-ba\/","title":{"rendered":"Teme pentru vacan\u021b\u0103, da au ba?"},"content":{"rendered":"<p data-path-to-node=\"4\"><span style=\"color: #000000;\">\u00centrebare pentru \u0103\u0219tia care ave\u021bi copii \u00eenc\u0103 \u00eenregimenta\u021bi \u00een sistemul de educa\u021bie autohton: ai vo\u0219tri execut\u0103 temele alea pentru vacan\u021b\u0103 de bun\u0103voie? Aici, dac\u0103 r\u0103spunsul este pozitiv \u0219i real, sunt str\u0103b\u0103tut de o cantitate apreciabil\u0103 de invidie! Sau le fac obliga\u021bi? Se trag pe cur p\u00e2n\u0103 \u00een ultima s\u0103pt\u0103m\u00e2n\u0103, c\u00e2nd oricum timpul este insuficient pentru temele arhisuficiente?<\/span><\/p>\n<p data-path-to-node=\"4\"><span style=\"color: #000000;\">Ai mei, b\u0103ie\u021bi bravi am\u00e2ndoi, execut\u0103 manevre de degajare \u00een raport cu sarcinile \u0219colare cu o asemenea eficien\u021b\u0103 c\u0103 ar trebui predate la cursurile de tactic\u0103 din cadrul Academiei Militare. Asta spre disperarea \u0219i nervii doamnei castelului.<\/span><\/p>\n<p data-path-to-node=\"5\"><span style=\"color: #000000;\">Dac\u0103 m\u0103 \u00eentreba\u021bi cum m\u0103 raportez eu la lipsa de angajament a celor doi, v\u0103 pot spune c\u0103 radiez lejeritate absolut\u0103 prin to\u021bi porii dermei. Pentru c\u0103, spre deosebire de mai to\u021bi p\u0103rin\u021bii care au uitat c\u00e2t de lepre au fost c\u00e2nd erau copii, eu \u021bin minte ca \u0219i cum copil\u0103ria mea s-ar fi desf\u0103\u0219urat luna trecut\u0103, c\u00e2t de dedicat eram sarcinilor \u0219colare \u00een timpul vacan\u021belor.<\/span><\/p>\n<p data-path-to-node=\"6\"><span style=\"color: #000000;\">\u0218ti\u021bi c\u00e2te c\u0103r\u021bi bifam eu din lista aia de lectur\u0103 obligatorie care con\u021binea, printre altele mizerii, titluri ale simpaticului de Sadoveanu? Care se \u0219tie c\u0103 pot fi parcurse cu la fel de mult\u0103 u\u0219urin\u021b\u0103 \u0219i pl\u0103cere ca o excursie \u00een curu&#8217; gol prin de\u0219ertul Gobi&#8230; Zero, b\u0103i, zero.<\/span><\/p>\n<p data-path-to-node=\"7\"><span style=\"color: #000000;\">Citeam, pentru c\u0103 se \u0219tie, \u00eenainte de \u201989 nu aveai ce face c\u00e2nd p\u0103rin\u021bii \u00ee\u021bi confiscau PlayStation-ul 0.1 series, orice altceva, evit\u00e2nd cu elegan\u021ba lui Muhammad Ali, orice carte pe care dasc\u0103lii sufletului \u00eencercau s\u0103 o \u00eendese pe g\u00e2t, \u00een timpul sfintei vacan\u021be. Pentru c\u0103, \u00een ecua\u021bia copil\u0103riei, singura cunoscut\u0103 \u00een caz de neexecutare era b\u0103taia aia rupt\u0103 din rai, c\u00e2nd m\u0103 duceam la bibliotec\u0103 s\u0103 \u00eemprumut ceva din ocna aia de list\u0103 mai strecuram \u0219i c\u00e2te un Julic\u0103 Verne. Pe care \u00eencercam s\u0103-l pitesc \u00een c\u0103r\u021boaiele lui Sadoveanu.<\/span><\/p>\n<p data-path-to-node=\"4\"><span style=\"color: #000000;\">Ca s\u0103 nu mai spun c\u0103 g\u0103sesc abominabil obiceiul cu temele pentru vacan\u021b\u0103. P\u0103i ori este vacan\u021b\u0103, ori nu mai este! S\u0103 faci teme \u00een vacan\u021b\u0103 este ca \u0219i cum ai face task-uri de la job \u00een concediu.<\/span><\/p>\n<p data-path-to-node=\"5\"><span style=\"color: #000000;\">M-am intersectat cu oameni de genul \u0103sta care g\u0103seau normal un r\u0103spuns la dou\u0103, trei mail-uri pe zi primite \u00een interes de serviciu. Bine, m-am intersectat o singur\u0103 dat\u0103. C\u0103 dup\u0103 aia i-am ocolit cum ocole\u0219te poporul rom\u00e2nos solidaritatea.<\/span><\/p>\n<p data-path-to-node=\"5\"><span style=\"color: #000000;\"><i data-path-to-node=\"5\" data-index-in-node=\"132\">P\u0103i dac\u0103 tot am c\u0103rat laptopul dup\u0103 mine pe avion, <\/i>a fost genul de scuz\u0103 care m-a determinat s\u0103 decid c\u0103 este imposibil s\u0103 respir\u0103m acela\u0219i aer.<\/span><\/p>\n<p data-path-to-node=\"6\"><span style=\"color: #000000;\">B\u0103, dac\u0103 car laptopul, nu s-a realizat \u00eenc\u0103 ac\u021biunea, o fac ca s\u0103 am la ce s\u0103 m\u0103 uit la filme c\u00e2nd ajung \u00een camer\u0103 dup\u0103 ce am b\u00e2ntuit prin \u021b\u0103rile alea alese pentru \u00eenc\u0103rcat bateriile!\u00a0<\/span><\/p>\n<p data-path-to-node=\"7\"><span style=\"color: #000000;\">Concluzia acestui text scris pe genunchi este c\u0103 nu sunt un p\u0103rinte bun dac\u0103 las copiii s\u0103 \u00ee\u0219i desf\u0103\u0219oare vacan\u021ba a\u0219a cum este datul.<\/span><\/p>\n<p data-path-to-node=\"7\"><em><span style=\"color: #000000;\">Voi cum v\u0103 pozi\u021biona\u021bi?<\/span><\/em><\/p>\n","protected":false},"excerpt":{"rendered":"<p>\u00centrebare pentru \u0103\u0219tia care ave\u021bi copii \u00eenc\u0103 \u00eenregimenta\u021bi \u00een sistemul de educa\u021bie autohton: ai vo\u0219tri execut\u0103 temele alea pentru vacan\u021b\u0103 de bun\u0103voie? Aici, dac\u0103 r\u0103spunsul este pozitiv \u0219i real, sunt str\u0103b\u0103tut de o cantitate apreciabil\u0103 de invidie! Sau le fac obliga\u021bi? Se trag pe cur p\u00e2n\u0103 \u00een ultima s\u0103pt\u0103m\u00e2n\u0103, c\u00e2nd oricum timpul este insuficient pentru&#8230;<\/p>\n","protected":false},"author":1,"featured_media":8894,"comment_status":"open","ping_status":"open","sticky":false,"template":"","format":"standard","meta":{"_jetpack_newsletter_access":"","_jetpack_dont_email_post_to_subs":false,"_jetpack_newsletter_tier_id":0,"_jetpack_memberships_contains_paywalled_content":false,"_jetpack_feature_clip_id":0,"_jetpack_memberships_contains_paid_content":false,"footnotes":"","jetpack_post_was_ever_published":false},"categories":[31],"tags":[],"class_list":["post-8890","post","type-post","status-publish","format-standard","has-post-thumbnail","hentry","category-personale"],"yoast_head":"<!-- This site is optimized with the Yoast SEO plugin v28.3 - https:\/\/yoast.com\/product\/yoast-seo-wordpress\/ -->\n<title>Teme pentru vacan\u021b\u0103, da au ba? - Lista lui Edelweiss<\/title>\n<meta name=\"robots\" content=\"index, follow, max-snippet:-1, max-image-preview:large, max-video-preview:-1\" \/>\n<link rel=\"canonical\" href=\"https:\/\/listaluiedelweiss.ro\/index.php\/2026\/08\/31\/teme-pentru-vacanta-da-au-ba\/\" \/>\n<meta property=\"og:locale\" content=\"ro_RO\" \/>\n<meta property=\"og:type\" content=\"article\" \/>\n<meta property=\"og:title\" content=\"Teme pentru vacan\u021b\u0103, da au ba? - Lista lui Edelweiss\" \/>\n<meta property=\"og:description\" content=\"\u00centrebare pentru \u0103\u0219tia care ave\u021bi copii \u00eenc\u0103 \u00eenregimenta\u021bi \u00een sistemul de educa\u021bie autohton: ai vo\u0219tri execut\u0103 temele alea pentru vacan\u021b\u0103 de bun\u0103voie? Aici, dac\u0103 r\u0103spunsul este pozitiv \u0219i real, sunt str\u0103b\u0103tut de o cantitate apreciabil\u0103 de invidie! Sau le fac obliga\u021bi? Se trag pe cur p\u00e2n\u0103 \u00een ultima s\u0103pt\u0103m\u00e2n\u0103, c\u00e2nd oricum timpul este insuficient pentru...\" \/>\n<meta property=\"og:url\" content=\"https:\/\/listaluiedelweiss.ro\/index.php\/2026\/08\/31\/teme-pentru-vacanta-da-au-ba\/\" \/>\n<meta property=\"og:site_name\" content=\"Lista lui Edelweiss\" \/>\n<meta property=\"article:publisher\" content=\"https:\/\/www.facebook.com\/profile.php?id=61573060528727\" \/>\n<meta property=\"article:author\" content=\"https:\/\/www.facebook.com\/profile.php?id=61573060528727\" \/>\n<meta property=\"article:published_time\" content=\"2026-08-31T05:53:29+00:00\" \/>\n<meta property=\"article:modified_time\" content=\"2026-08-31T06:21:04+00:00\" \/>\n<meta property=\"og:image\" content=\"https:\/\/listaluiedelweiss.ro\/wp-content\/uploads\/2026\/08\/Gemini_Generated_Image_jcd988jcd988jcd9-scaled.jpg\" \/>\n\t<meta property=\"og:image:width\" content=\"2560\" \/>\n\t<meta property=\"og:image:height\" content=\"1086\" \/>\n\t<meta property=\"og:image:type\" content=\"image\/jpeg\" \/>\n<meta name=\"author\" content=\"Edelweiss\" \/>\n<meta name=\"twitter:card\" content=\"summary_large_image\" \/>\n<meta name=\"twitter:label1\" content=\"Scris de\" \/>\n\t<meta name=\"twitter:data1\" content=\"Edelweiss\" \/>\n\t<meta name=\"twitter:label2\" content=\"Timp estimat pentru citire\" \/>\n\t<meta name=\"twitter:data2\" content=\"3 minute\" \/>\n<script type=\"application\/ld+json\" class=\"yoast-schema-graph\">{\"@context\":\"https:\\\/\\\/schema.org\",\"@graph\":[{\"@type\":\"Article\",\"@id\":\"https:\\\/\\\/listaluiedelweiss.ro\\\/index.php\\\/2026\\\/08\\\/31\\\/teme-pentru-vacanta-da-au-ba\\\/#article\",\"isPartOf\":{\"@id\":\"https:\\\/\\\/listaluiedelweiss.ro\\\/index.php\\\/2026\\\/08\\\/31\\\/teme-pentru-vacanta-da-au-ba\\\/\"},\"author\":{\"name\":\"Edelweiss\",\"@id\":\"https:\\\/\\\/listaluiedelweiss.ro\\\/#\\\/schema\\\/person\\\/8cb7fb07445544ddf9ea8a880738937e\"},\"headline\":\"Teme pentru vacan\u021b\u0103, da au ba?\",\"datePublished\":\"2026-08-31T05:53:29+00:00\",\"dateModified\":\"2026-08-31T06:21:04+00:00\",\"mainEntityOfPage\":{\"@id\":\"https:\\\/\\\/listaluiedelweiss.ro\\\/index.php\\\/2026\\\/08\\\/31\\\/teme-pentru-vacanta-da-au-ba\\\/\"},\"wordCount\":542,\"commentCount\":13,\"publisher\":{\"@id\":\"https:\\\/\\\/listaluiedelweiss.ro\\\/#\\\/schema\\\/person\\\/8cb7fb07445544ddf9ea8a880738937e\"},\"image\":{\"@id\":\"https:\\\/\\\/listaluiedelweiss.ro\\\/index.php\\\/2026\\\/08\\\/31\\\/teme-pentru-vacanta-da-au-ba\\\/#primaryimage\"},\"thumbnailUrl\":\"https:\\\/\\\/listaluiedelweiss.ro\\\/wp-content\\\/uploads\\\/2026\\\/08\\\/Gemini_Generated_Image_jcd988jcd988jcd9-scaled.jpg\",\"articleSection\":[\"Personale\"],\"inLanguage\":\"ro-RO\",\"potentialAction\":[{\"@type\":\"CommentAction\",\"name\":\"Comment\",\"target\":[\"https:\\\/\\\/listaluiedelweiss.ro\\\/index.php\\\/2026\\\/08\\\/31\\\/teme-pentru-vacanta-da-au-ba\\\/#respond\"]}]},{\"@type\":\"WebPage\",\"@id\":\"https:\\\/\\\/listaluiedelweiss.ro\\\/index.php\\\/2026\\\/08\\\/31\\\/teme-pentru-vacanta-da-au-ba\\\/\",\"url\":\"https:\\\/\\\/listaluiedelweiss.ro\\\/index.php\\\/2026\\\/08\\\/31\\\/teme-pentru-vacanta-da-au-ba\\\/\",\"name\":\"Teme pentru vacan\u021b\u0103, da au ba? - Lista lui Edelweiss\",\"isPartOf\":{\"@id\":\"https:\\\/\\\/listaluiedelweiss.ro\\\/#website\"},\"primaryImageOfPage\":{\"@id\":\"https:\\\/\\\/listaluiedelweiss.ro\\\/index.php\\\/2026\\\/08\\\/31\\\/teme-pentru-vacanta-da-au-ba\\\/#primaryimage\"},\"image\":{\"@id\":\"https:\\\/\\\/listaluiedelweiss.ro\\\/index.php\\\/2026\\\/08\\\/31\\\/teme-pentru-vacanta-da-au-ba\\\/#primaryimage\"},\"thumbnailUrl\":\"https:\\\/\\\/listaluiedelweiss.ro\\\/wp-content\\\/uploads\\\/2026\\\/08\\\/Gemini_Generated_Image_jcd988jcd988jcd9-scaled.jpg\",\"datePublished\":\"2026-08-31T05:53:29+00:00\",\"dateModified\":\"2026-08-31T06:21:04+00:00\",\"breadcrumb\":{\"@id\":\"https:\\\/\\\/listaluiedelweiss.ro\\\/index.php\\\/2026\\\/08\\\/31\\\/teme-pentru-vacanta-da-au-ba\\\/#breadcrumb\"},\"inLanguage\":\"ro-RO\",\"potentialAction\":[{\"@type\":\"ReadAction\",\"target\":[\"https:\\\/\\\/listaluiedelweiss.ro\\\/index.php\\\/2026\\\/08\\\/31\\\/teme-pentru-vacanta-da-au-ba\\\/\"]}]},{\"@type\":\"ImageObject\",\"inLanguage\":\"ro-RO\",\"@id\":\"https:\\\/\\\/listaluiedelweiss.ro\\\/index.php\\\/2026\\\/08\\\/31\\\/teme-pentru-vacanta-da-au-ba\\\/#primaryimage\",\"url\":\"https:\\\/\\\/listaluiedelweiss.ro\\\/wp-content\\\/uploads\\\/2026\\\/08\\\/Gemini_Generated_Image_jcd988jcd988jcd9-scaled.jpg\",\"contentUrl\":\"https:\\\/\\\/listaluiedelweiss.ro\\\/wp-content\\\/uploads\\\/2026\\\/08\\\/Gemini_Generated_Image_jcd988jcd988jcd9-scaled.jpg\",\"width\":2560,\"height\":1086},{\"@type\":\"BreadcrumbList\",\"@id\":\"https:\\\/\\\/listaluiedelweiss.ro\\\/index.php\\\/2026\\\/08\\\/31\\\/teme-pentru-vacanta-da-au-ba\\\/#breadcrumb\",\"itemListElement\":[{\"@type\":\"ListItem\",\"position\":1,\"name\":\"Home\",\"item\":\"https:\\\/\\\/listaluiedelweiss.ro\\\/\"},{\"@type\":\"ListItem\",\"position\":2,\"name\":\"Teme pentru vacan\u021b\u0103, da au ba?\"}]},{\"@type\":\"WebSite\",\"@id\":\"https:\\\/\\\/listaluiedelweiss.ro\\\/#website\",\"url\":\"https:\\\/\\\/listaluiedelweiss.ro\\\/\",\"name\":\"Lista lui Edelweiss\",\"description\":\"For truth, life, and heavy metal.\",\"publisher\":{\"@id\":\"https:\\\/\\\/listaluiedelweiss.ro\\\/#\\\/schema\\\/person\\\/8cb7fb07445544ddf9ea8a880738937e\"},\"potentialAction\":[{\"@type\":\"SearchAction\",\"target\":{\"@type\":\"EntryPoint\",\"urlTemplate\":\"https:\\\/\\\/listaluiedelweiss.ro\\\/?s={search_term_string}\"},\"query-input\":{\"@type\":\"PropertyValueSpecification\",\"valueRequired\":true,\"valueName\":\"search_term_string\"}}],\"inLanguage\":\"ro-RO\"},{\"@type\":[\"Person\",\"Organization\"],\"@id\":\"https:\\\/\\\/listaluiedelweiss.ro\\\/#\\\/schema\\\/person\\\/8cb7fb07445544ddf9ea8a880738937e\",\"name\":\"Edelweiss\",\"image\":{\"@type\":\"ImageObject\",\"inLanguage\":\"ro-RO\",\"@id\":\"https:\\\/\\\/secure.gravatar.com\\\/avatar\\\/edc47d38b4ff3b829e7d9c6bafbd137257ee3b0e2b1cd10e5732cf52c4ca059b?s=96&d=wavatar&r=g\",\"url\":\"https:\\\/\\\/secure.gravatar.com\\\/avatar\\\/edc47d38b4ff3b829e7d9c6bafbd137257ee3b0e2b1cd10e5732cf52c4ca059b?s=96&d=wavatar&r=g\",\"contentUrl\":\"https:\\\/\\\/secure.gravatar.com\\\/avatar\\\/edc47d38b4ff3b829e7d9c6bafbd137257ee3b0e2b1cd10e5732cf52c4ca059b?s=96&d=wavatar&r=g\",\"caption\":\"Edelweiss\"},\"logo\":{\"@id\":\"https:\\\/\\\/secure.gravatar.com\\\/avatar\\\/edc47d38b4ff3b829e7d9c6bafbd137257ee3b0e2b1cd10e5732cf52c4ca059b?s=96&d=wavatar&r=g\"},\"sameAs\":[\"https:\\\/\\\/listaluiedelweiss.ro\",\"https:\\\/\\\/www.facebook.com\\\/profile.php?id=61573060528727\",\"https:\\\/\\\/www.youtube.com\\\/@Edelweiss74\"],\"url\":\"https:\\\/\\\/listaluiedelweiss.ro\\\/index.php\\\/author\\\/admin_cm1eo3dr\\\/\"}]}<\/script>\n<!-- \/ Yoast SEO plugin. -->","yoast_head_json":{"title":"Teme pentru vacan\u021b\u0103, da au ba? - Lista lui Edelweiss","robots":{"index":"index","follow":"follow","max-snippet":"max-snippet:-1","max-image-preview":"max-image-preview:large","max-video-preview":"max-video-preview:-1"},"canonical":"https:\/\/listaluiedelweiss.ro\/index.php\/2026\/08\/31\/teme-pentru-vacanta-da-au-ba\/","og_locale":"ro_RO","og_type":"article","og_title":"Teme pentru vacan\u021b\u0103, da au ba? - Lista lui Edelweiss","og_description":"\u00centrebare pentru \u0103\u0219tia care ave\u021bi copii \u00eenc\u0103 \u00eenregimenta\u021bi \u00een sistemul de educa\u021bie autohton: ai vo\u0219tri execut\u0103 temele alea pentru vacan\u021b\u0103 de bun\u0103voie? Aici, dac\u0103 r\u0103spunsul este pozitiv \u0219i real, sunt str\u0103b\u0103tut de o cantitate apreciabil\u0103 de invidie! Sau le fac obliga\u021bi? Se trag pe cur p\u00e2n\u0103 \u00een ultima s\u0103pt\u0103m\u00e2n\u0103, c\u00e2nd oricum timpul este insuficient pentru...","og_url":"https:\/\/listaluiedelweiss.ro\/index.php\/2026\/08\/31\/teme-pentru-vacanta-da-au-ba\/","og_site_name":"Lista lui Edelweiss","article_publisher":"https:\/\/www.facebook.com\/profile.php?id=61573060528727","article_author":"https:\/\/www.facebook.com\/profile.php?id=61573060528727","article_published_time":"2026-08-31T05:53:29+00:00","article_modified_time":"2026-08-31T06:21:04+00:00","og_image":[{"width":2560,"height":1086,"url":"https:\/\/listaluiedelweiss.ro\/wp-content\/uploads\/2026\/08\/Gemini_Generated_Image_jcd988jcd988jcd9-scaled.jpg","type":"image\/jpeg"}],"author":"Edelweiss","twitter_card":"summary_large_image","twitter_misc":{"Scris de":"Edelweiss","Timp estimat pentru citire":"3 minute"},"schema":{"@context":"https:\/\/schema.org","@graph":[{"@type":"Article","@id":"https:\/\/listaluiedelweiss.ro\/index.php\/2026\/08\/31\/teme-pentru-vacanta-da-au-ba\/#article","isPartOf":{"@id":"https:\/\/listaluiedelweiss.ro\/index.php\/2026\/08\/31\/teme-pentru-vacanta-da-au-ba\/"},"author":{"name":"Edelweiss","@id":"https:\/\/listaluiedelweiss.ro\/#\/schema\/person\/8cb7fb07445544ddf9ea8a880738937e"},"headline":"Teme pentru vacan\u021b\u0103, da au ba?","datePublished":"2026-08-31T05:53:29+00:00","dateModified":"2026-08-31T06:21:04+00:00","mainEntityOfPage":{"@id":"https:\/\/listaluiedelweiss.ro\/index.php\/2026\/08\/31\/teme-pentru-vacanta-da-au-ba\/"},"wordCount":542,"commentCount":13,"publisher":{"@id":"https:\/\/listaluiedelweiss.ro\/#\/schema\/person\/8cb7fb07445544ddf9ea8a880738937e"},"image":{"@id":"https:\/\/listaluiedelweiss.ro\/index.php\/2026\/08\/31\/teme-pentru-vacanta-da-au-ba\/#primaryimage"},"thumbnailUrl":"https:\/\/listaluiedelweiss.ro\/wp-content\/uploads\/2026\/08\/Gemini_Generated_Image_jcd988jcd988jcd9-scaled.jpg","articleSection":["Personale"],"inLanguage":"ro-RO","potentialAction":[{"@type":"CommentAction","name":"Comment","target":["https:\/\/listaluiedelweiss.ro\/index.php\/2026\/08\/31\/teme-pentru-vacanta-da-au-ba\/#respond"]}]},{"@type":"WebPage","@id":"https:\/\/listaluiedelweiss.ro\/index.php\/2026\/08\/31\/teme-pentru-vacanta-da-au-ba\/","url":"https:\/\/listaluiedelweiss.ro\/index.php\/2026\/08\/31\/teme-pentru-vacanta-da-au-ba\/","name":"Teme pentru vacan\u021b\u0103, da au ba? - Lista lui Edelweiss","isPartOf":{"@id":"https:\/\/listaluiedelweiss.ro\/#website"},"primaryImageOfPage":{"@id":"https:\/\/listaluiedelweiss.ro\/index.php\/2026\/08\/31\/teme-pentru-vacanta-da-au-ba\/#primaryimage"},"image":{"@id":"https:\/\/listaluiedelweiss.ro\/index.php\/2026\/08\/31\/teme-pentru-vacanta-da-au-ba\/#primaryimage"},"thumbnailUrl":"https:\/\/listaluiedelweiss.ro\/wp-content\/uploads\/2026\/08\/Gemini_Generated_Image_jcd988jcd988jcd9-scaled.jpg","datePublished":"2026-08-31T05:53:29+00:00","dateModified":"2026-08-31T06:21:04+00:00","breadcrumb":{"@id":"https:\/\/listaluiedelweiss.ro\/index.php\/2026\/08\/31\/teme-pentru-vacanta-da-au-ba\/#breadcrumb"},"inLanguage":"ro-RO","potentialAction":[{"@type":"ReadAction","target":["https:\/\/listaluiedelweiss.ro\/index.php\/2026\/08\/31\/teme-pentru-vacanta-da-au-ba\/"]}]},{"@type":"ImageObject","inLanguage":"ro-RO","@id":"https:\/\/listaluiedelweiss.ro\/index.php\/2026\/08\/31\/teme-pentru-vacanta-da-au-ba\/#primaryimage","url":"https:\/\/listaluiedelweiss.ro\/wp-content\/uploads\/2026\/08\/Gemini_Generated_Image_jcd988jcd988jcd9-scaled.jpg","contentUrl":"https:\/\/listaluiedelweiss.ro\/wp-content\/uploads\/2026\/08\/Gemini_Generated_Image_jcd988jcd988jcd9-scaled.jpg","width":2560,"height":1086},{"@type":"BreadcrumbList","@id":"https:\/\/listaluiedelweiss.ro\/index.php\/2026\/08\/31\/teme-pentru-vacanta-da-au-ba\/#breadcrumb","itemListElement":[{"@type":"ListItem","position":1,"name":"Home","item":"https:\/\/listaluiedelweiss.ro\/"},{"@type":"ListItem","position":2,"name":"Teme pentru vacan\u021b\u0103, da au ba?"}]},{"@type":"WebSite","@id":"https:\/\/listaluiedelweiss.ro\/#website","url":"https:\/\/listaluiedelweiss.ro\/","name":"Lista lui Edelweiss","description":"For truth, life, and heavy metal.","publisher":{"@id":"https:\/\/listaluiedelweiss.ro\/#\/schema\/person\/8cb7fb07445544ddf9ea8a880738937e"},"potentialAction":[{"@type":"SearchAction","target":{"@type":"EntryPoint","urlTemplate":"https:\/\/listaluiedelweiss.ro\/?s={search_term_string}"},"query-input":{"@type":"PropertyValueSpecification","valueRequired":true,"valueName":"search_term_string"}}],"inLanguage":"ro-RO"},{"@type":["Person","Organization"],"@id":"https:\/\/listaluiedelweiss.ro\/#\/schema\/person\/8cb7fb07445544ddf9ea8a880738937e","name":"Edelweiss","image":{"@type":"ImageObject","inLanguage":"ro-RO","@id":"https:\/\/secure.gravatar.com\/avatar\/edc47d38b4ff3b829e7d9c6bafbd137257ee3b0e2b1cd10e5732cf52c4ca059b?s=96&d=wavatar&r=g","url":"https:\/\/secure.gravatar.com\/avatar\/edc47d38b4ff3b829e7d9c6bafbd137257ee3b0e2b1cd10e5732cf52c4ca059b?s=96&d=wavatar&r=g","contentUrl":"https:\/\/secure.gravatar.com\/avatar\/edc47d38b4ff3b829e7d9c6bafbd137257ee3b0e2b1cd10e5732cf52c4ca059b?s=96&d=wavatar&r=g","caption":"Edelweiss"},"logo":{"@id":"https:\/\/secure.gravatar.com\/avatar\/edc47d38b4ff3b829e7d9c6bafbd137257ee3b0e2b1cd10e5732cf52c4ca059b?s=96&d=wavatar&r=g"},"sameAs":["https:\/\/listaluiedelweiss.ro","https:\/\/www.facebook.com\/profile.php?id=61573060528727","https:\/\/www.youtube.com\/@Edelweiss74"],"url":"https:\/\/listaluiedelweiss.ro\/index.php\/author\/admin_cm1eo3dr\/"}]}},"jetpack_sharing_enabled":true,"jetpack_featured_media_url":"https:\/\/listaluiedelweiss.ro\/wp-content\/uploads\/2026\/08\/Gemini_Generated_Image_jcd988jcd988jcd9-scaled.jpg","_links":{"self":[{"href":"https:\/\/listaluiedelweiss.ro\/index.php\/wp-json\/wp\/v2\/posts\/8890","targetHints":{"allow":["GET"]}}],"collection":[{"href":"https:\/\/listaluiedelweiss.ro\/index.php\/wp-json\/wp\/v2\/posts"}],"about":[{"href":"https:\/\/listaluiedelweiss.ro\/index.php\/wp-json\/wp\/v2\/types\/post"}],"author":[{"embeddable":true,"href":"https:\/\/listaluiedelweiss.ro\/index.php\/wp-json\/wp\/v2\/users\/1"}],"replies":[{"embeddable":true,"href":"https:\/\/listaluiedelweiss.ro\/index.php\/wp-json\/wp\/v2\/comments?post=8890"}],"version-history":[{"count":7,"href":"https:\/\/listaluiedelweiss.ro\/index.php\/wp-json\/wp\/v2\/posts\/8890\/revisions"}],"predecessor-version":[{"id":8901,"href":"https:\/\/listaluiedelweiss.ro\/index.php\/wp-json\/wp\/v2\/posts\/8890\/revisions\/8901"}],"wp:featuredmedia":[{"embeddable":true,"href":"https:\/\/listaluiedelweiss.ro\/index.php\/wp-json\/wp\/v2\/media\/8894"}],"wp:attachment":[{"href":"https:\/\/listaluiedelweiss.ro\/index.php\/wp-json\/wp\/v2\/media?parent=8890"}],"wp:term":[{"taxonomy":"category","embeddable":true,"href":"https:\/\/listaluiedelweiss.ro\/index.php\/wp-json\/wp\/v2\/categories?post=8890"},{"taxonomy":"post_tag","embeddable":true,"href":"https:\/\/listaluiedelweiss.ro\/index.php\/wp-json\/wp\/v2\/tags?post=8890"}],"curies":[{"name":"wp","href":"https:\/\/api.w.org\/{rel}","templated":true}]}}