{"id":7700,"date":"2026-03-09T13:30:49","date_gmt":"2026-03-09T11:30:49","guid":{"rendered":"https:\/\/listaluiedelweiss.ro\/?p=7700"},"modified":"2026-03-09T13:30:49","modified_gmt":"2026-03-09T11:30:49","slug":"kalandra-live-at-lafayette-full-concert","status":"publish","type":"post","link":"https:\/\/listaluiedelweiss.ro\/index.php\/2026\/03\/09\/kalandra-live-at-lafayette-full-concert\/","title":{"rendered":"Kalandra &#8211; Live at Lafayette (Full concert)"},"content":{"rendered":"<p data-path-to-node=\"2\"><b data-path-to-node=\"2\" data-index-in-node=\"0\">Kalandra<\/b> este genul de trup\u0103 care te face s\u0103 regre\u021bi c\u0103 nu ai cunoscut-o acum aproape 16 ani, c\u00e2nd \u0219i-a \u00eenceput cariera muzical\u0103. Dac\u0103 ai \u00eenceput s\u0103 o ascul\u021bi atunci \u0219i ai mai avut norocul s\u0103 o vezi live, po\u021bi bifa cu verde c\u0103su\u021ba aia de pe lista personal\u0103 care corespunde nominaliz\u0103rii ca norocos. Eu am bifat-o. \u0218i pot confirma c\u0103 inginerul \u0103la care trage de sunet este bun tare de tot.<\/p>\n<p data-path-to-node=\"3\">Katrine Stenbekk \u0219i vocea ei, dac\u0103 ai ocazia s\u0103 o ascul\u021bi live, reprezint\u0103 alibiul perfect pentru a te pl\u00e2nge c\u0103 atmosfera care te \u00eenconjoar\u0103 nu con\u021bine destul oxigen. \u00cen mai pu\u021bine cuvinte: vocea ei te las\u0103 f\u0103r\u0103 aer. Partea de video \u0219i sunetul provin de la concertul lor din Lafayette, Londra, pe 21 septembrie 2024.<\/p>\n<p data-path-to-node=\"4\">Suedezo-norvegienii nu doar c\u0103 au o vocalist\u0103 de top, dar au \u0219i un inginer de sunet care ar merita un bonus pentru cum a preg\u0103tit concertul \u0103sta. Fie c\u0103 ai un drum lung \u00een fa\u021b\u0103, fie c\u0103 pur \u0219i simplu vrei s\u0103 depeni amintiri tu cu tine, acest concert reprezint\u0103 coloana sonor\u0103 perfect\u0103.<\/p>\n<p>&nbsp;<\/p>\n<div class=\"jetpack-video-wrapper\"><iframe loading=\"lazy\" hcb-fetch-image-from=\"https:\/\/youtu.be\/PGaT-9baQVU?si=15bBMxuWdslES2J3\" title=\"Kalandra - Live at Lafayette (Full concert)\" width=\"640\" height=\"360\" src=\"https:\/\/www.youtube.com\/embed\/PGaT-9baQVU?feature=oembed\" frameborder=\"0\" allow=\"accelerometer; autoplay; clipboard-write; encrypted-media; gyroscope; picture-in-picture; web-share\" referrerpolicy=\"strict-origin-when-cross-origin\" allowfullscreen><\/iframe><\/div>\n<p>Kalandra\u00a0<em><strong><span style=\"color: #ff0000;\"><a style=\"color: #ff0000;\" href=\"https:\/\/www.youtube.com\/channel\/UCdF7ZG37sLXF1zfipGT2T6A\" target=\"_blank\" rel=\"noopener\">Info<\/a><\/span><\/strong><\/em><\/p>\n","protected":false},"excerpt":{"rendered":"<p>Kalandra este genul de trup\u0103 care te face s\u0103 regre\u021bi c\u0103 nu ai cunoscut-o acum aproape 16 ani, c\u00e2nd \u0219i-a \u00eenceput cariera muzical\u0103. Dac\u0103 ai \u00eenceput s\u0103 o ascul\u021bi atunci \u0219i ai mai avut norocul s\u0103 o vezi live, po\u021bi bifa cu verde c\u0103su\u021ba aia de pe lista personal\u0103 care corespunde nominaliz\u0103rii ca norocos. Eu&#8230;<\/p>\n","protected":false},"author":1,"featured_media":7285,"comment_status":"open","ping_status":"open","sticky":false,"template":"","format":"standard","meta":{"jetpack_post_was_ever_published":false,"_jetpack_newsletter_access":"","_jetpack_dont_email_post_to_subs":false,"_jetpack_newsletter_tier_id":0,"_jetpack_memberships_contains_paywalled_content":false,"_jetpack_memberships_contains_paid_content":false,"footnotes":""},"categories":[33],"tags":[],"class_list":["post-7700","post","type-post","status-publish","format-standard","has-post-thumbnail","hentry","category-nunti-evenimente-paranghelii-cumetrii-pa-metale"],"yoast_head":"<!-- This site is optimized with the Yoast SEO plugin v27.4 - https:\/\/yoast.com\/product\/yoast-seo-wordpress\/ -->\n<title>Kalandra - Live at Lafayette (Full concert) - Lista lui Edelweiss<\/title>\n<meta name=\"robots\" content=\"index, follow, max-snippet:-1, max-image-preview:large, max-video-preview:-1\" \/>\n<link rel=\"canonical\" href=\"https:\/\/listaluiedelweiss.ro\/index.php\/2026\/03\/09\/kalandra-live-at-lafayette-full-concert\/\" \/>\n<meta property=\"og:locale\" content=\"ro_RO\" \/>\n<meta property=\"og:type\" content=\"article\" \/>\n<meta property=\"og:title\" content=\"Kalandra - Live at Lafayette (Full concert) - Lista lui Edelweiss\" \/>\n<meta property=\"og:description\" content=\"Kalandra este genul de trup\u0103 care te face s\u0103 regre\u021bi c\u0103 nu ai cunoscut-o acum aproape 16 ani, c\u00e2nd \u0219i-a \u00eenceput cariera muzical\u0103. Dac\u0103 ai \u00eenceput s\u0103 o ascul\u021bi atunci \u0219i ai mai avut norocul s\u0103 o vezi live, po\u021bi bifa cu verde c\u0103su\u021ba aia de pe lista personal\u0103 care corespunde nominaliz\u0103rii ca norocos. Eu...\" \/>\n<meta property=\"og:url\" content=\"https:\/\/listaluiedelweiss.ro\/index.php\/2026\/03\/09\/kalandra-live-at-lafayette-full-concert\/\" \/>\n<meta property=\"og:site_name\" content=\"Lista lui Edelweiss\" \/>\n<meta property=\"article:publisher\" content=\"https:\/\/www.facebook.com\/profile.php?id=61573060528727\" \/>\n<meta property=\"article:author\" content=\"https:\/\/www.facebook.com\/profile.php?id=61573060528727\" \/>\n<meta property=\"article:published_time\" content=\"2026-03-09T11:30:49+00:00\" \/>\n<meta property=\"og:image\" content=\"https:\/\/listaluiedelweiss.ro\/wp-content\/uploads\/2026\/01\/Daci-1.jpg\" \/>\n\t<meta property=\"og:image:width\" content=\"1536\" \/>\n\t<meta property=\"og:image:height\" content=\"1024\" \/>\n\t<meta property=\"og:image:type\" content=\"image\/jpeg\" \/>\n<meta name=\"author\" content=\"Edelweiss\" \/>\n<meta name=\"twitter:card\" content=\"summary_large_image\" \/>\n<meta name=\"twitter:label1\" content=\"Scris de\" \/>\n\t<meta name=\"twitter:data1\" content=\"Edelweiss\" \/>\n\t<meta name=\"twitter:label2\" content=\"Timp estimat pentru citire\" \/>\n\t<meta name=\"twitter:data2\" content=\"2 minute\" \/>\n<script type=\"application\/ld+json\" class=\"yoast-schema-graph\">{\"@context\":\"https:\\\/\\\/schema.org\",\"@graph\":[{\"@type\":\"Article\",\"@id\":\"https:\\\/\\\/listaluiedelweiss.ro\\\/index.php\\\/2026\\\/03\\\/09\\\/kalandra-live-at-lafayette-full-concert\\\/#article\",\"isPartOf\":{\"@id\":\"https:\\\/\\\/listaluiedelweiss.ro\\\/index.php\\\/2026\\\/03\\\/09\\\/kalandra-live-at-lafayette-full-concert\\\/\"},\"author\":{\"name\":\"Edelweiss\",\"@id\":\"https:\\\/\\\/listaluiedelweiss.ro\\\/#\\\/schema\\\/person\\\/8cb7fb07445544ddf9ea8a880738937e\"},\"headline\":\"Kalandra &#8211; Live at Lafayette (Full concert)\",\"datePublished\":\"2026-03-09T11:30:49+00:00\",\"mainEntityOfPage\":{\"@id\":\"https:\\\/\\\/listaluiedelweiss.ro\\\/index.php\\\/2026\\\/03\\\/09\\\/kalandra-live-at-lafayette-full-concert\\\/\"},\"wordCount\":208,\"commentCount\":0,\"publisher\":{\"@id\":\"https:\\\/\\\/listaluiedelweiss.ro\\\/#\\\/schema\\\/person\\\/8cb7fb07445544ddf9ea8a880738937e\"},\"image\":{\"@id\":\"https:\\\/\\\/listaluiedelweiss.ro\\\/index.php\\\/2026\\\/03\\\/09\\\/kalandra-live-at-lafayette-full-concert\\\/#primaryimage\"},\"thumbnailUrl\":\"https:\\\/\\\/listaluiedelweiss.ro\\\/wp-content\\\/uploads\\\/2026\\\/01\\\/Daci-1.jpg\",\"articleSection\":[\"Paranghelii metalice\"],\"inLanguage\":\"ro-RO\",\"potentialAction\":[{\"@type\":\"CommentAction\",\"name\":\"Comment\",\"target\":[\"https:\\\/\\\/listaluiedelweiss.ro\\\/index.php\\\/2026\\\/03\\\/09\\\/kalandra-live-at-lafayette-full-concert\\\/#respond\"]}]},{\"@type\":\"WebPage\",\"@id\":\"https:\\\/\\\/listaluiedelweiss.ro\\\/index.php\\\/2026\\\/03\\\/09\\\/kalandra-live-at-lafayette-full-concert\\\/\",\"url\":\"https:\\\/\\\/listaluiedelweiss.ro\\\/index.php\\\/2026\\\/03\\\/09\\\/kalandra-live-at-lafayette-full-concert\\\/\",\"name\":\"Kalandra - Live at Lafayette (Full concert) - Lista lui Edelweiss\",\"isPartOf\":{\"@id\":\"https:\\\/\\\/listaluiedelweiss.ro\\\/#website\"},\"primaryImageOfPage\":{\"@id\":\"https:\\\/\\\/listaluiedelweiss.ro\\\/index.php\\\/2026\\\/03\\\/09\\\/kalandra-live-at-lafayette-full-concert\\\/#primaryimage\"},\"image\":{\"@id\":\"https:\\\/\\\/listaluiedelweiss.ro\\\/index.php\\\/2026\\\/03\\\/09\\\/kalandra-live-at-lafayette-full-concert\\\/#primaryimage\"},\"thumbnailUrl\":\"https:\\\/\\\/listaluiedelweiss.ro\\\/wp-content\\\/uploads\\\/2026\\\/01\\\/Daci-1.jpg\",\"datePublished\":\"2026-03-09T11:30:49+00:00\",\"breadcrumb\":{\"@id\":\"https:\\\/\\\/listaluiedelweiss.ro\\\/index.php\\\/2026\\\/03\\\/09\\\/kalandra-live-at-lafayette-full-concert\\\/#breadcrumb\"},\"inLanguage\":\"ro-RO\",\"potentialAction\":[{\"@type\":\"ReadAction\",\"target\":[\"https:\\\/\\\/listaluiedelweiss.ro\\\/index.php\\\/2026\\\/03\\\/09\\\/kalandra-live-at-lafayette-full-concert\\\/\"]}]},{\"@type\":\"ImageObject\",\"inLanguage\":\"ro-RO\",\"@id\":\"https:\\\/\\\/listaluiedelweiss.ro\\\/index.php\\\/2026\\\/03\\\/09\\\/kalandra-live-at-lafayette-full-concert\\\/#primaryimage\",\"url\":\"https:\\\/\\\/listaluiedelweiss.ro\\\/wp-content\\\/uploads\\\/2026\\\/01\\\/Daci-1.jpg\",\"contentUrl\":\"https:\\\/\\\/listaluiedelweiss.ro\\\/wp-content\\\/uploads\\\/2026\\\/01\\\/Daci-1.jpg\",\"width\":1536,\"height\":1024},{\"@type\":\"BreadcrumbList\",\"@id\":\"https:\\\/\\\/listaluiedelweiss.ro\\\/index.php\\\/2026\\\/03\\\/09\\\/kalandra-live-at-lafayette-full-concert\\\/#breadcrumb\",\"itemListElement\":[{\"@type\":\"ListItem\",\"position\":1,\"name\":\"Home\",\"item\":\"https:\\\/\\\/listaluiedelweiss.ro\\\/\"},{\"@type\":\"ListItem\",\"position\":2,\"name\":\"Kalandra &#8211; Live at Lafayette (Full concert)\"}]},{\"@type\":\"WebSite\",\"@id\":\"https:\\\/\\\/listaluiedelweiss.ro\\\/#website\",\"url\":\"https:\\\/\\\/listaluiedelweiss.ro\\\/\",\"name\":\"Lista lui Edelweiss\",\"description\":\"For truth, life, and heavy metal.\",\"publisher\":{\"@id\":\"https:\\\/\\\/listaluiedelweiss.ro\\\/#\\\/schema\\\/person\\\/8cb7fb07445544ddf9ea8a880738937e\"},\"potentialAction\":[{\"@type\":\"SearchAction\",\"target\":{\"@type\":\"EntryPoint\",\"urlTemplate\":\"https:\\\/\\\/listaluiedelweiss.ro\\\/?s={search_term_string}\"},\"query-input\":{\"@type\":\"PropertyValueSpecification\",\"valueRequired\":true,\"valueName\":\"search_term_string\"}}],\"inLanguage\":\"ro-RO\"},{\"@type\":[\"Person\",\"Organization\"],\"@id\":\"https:\\\/\\\/listaluiedelweiss.ro\\\/#\\\/schema\\\/person\\\/8cb7fb07445544ddf9ea8a880738937e\",\"name\":\"Edelweiss\",\"image\":{\"@type\":\"ImageObject\",\"inLanguage\":\"ro-RO\",\"@id\":\"https:\\\/\\\/secure.gravatar.com\\\/avatar\\\/edc47d38b4ff3b829e7d9c6bafbd137257ee3b0e2b1cd10e5732cf52c4ca059b?s=96&d=wavatar&r=g\",\"url\":\"https:\\\/\\\/secure.gravatar.com\\\/avatar\\\/edc47d38b4ff3b829e7d9c6bafbd137257ee3b0e2b1cd10e5732cf52c4ca059b?s=96&d=wavatar&r=g\",\"contentUrl\":\"https:\\\/\\\/secure.gravatar.com\\\/avatar\\\/edc47d38b4ff3b829e7d9c6bafbd137257ee3b0e2b1cd10e5732cf52c4ca059b?s=96&d=wavatar&r=g\",\"caption\":\"Edelweiss\"},\"logo\":{\"@id\":\"https:\\\/\\\/secure.gravatar.com\\\/avatar\\\/edc47d38b4ff3b829e7d9c6bafbd137257ee3b0e2b1cd10e5732cf52c4ca059b?s=96&d=wavatar&r=g\"},\"sameAs\":[\"https:\\\/\\\/listaluiedelweiss.ro\",\"https:\\\/\\\/www.facebook.com\\\/profile.php?id=61573060528727\",\"https:\\\/\\\/www.youtube.com\\\/@Edelweiss74\"],\"url\":\"https:\\\/\\\/listaluiedelweiss.ro\\\/index.php\\\/author\\\/admin_cm1eo3dr\\\/\"}]}<\/script>\n<!-- \/ Yoast SEO plugin. -->","yoast_head_json":{"title":"Kalandra - Live at Lafayette (Full concert) - Lista lui Edelweiss","robots":{"index":"index","follow":"follow","max-snippet":"max-snippet:-1","max-image-preview":"max-image-preview:large","max-video-preview":"max-video-preview:-1"},"canonical":"https:\/\/listaluiedelweiss.ro\/index.php\/2026\/03\/09\/kalandra-live-at-lafayette-full-concert\/","og_locale":"ro_RO","og_type":"article","og_title":"Kalandra - Live at Lafayette (Full concert) - Lista lui Edelweiss","og_description":"Kalandra este genul de trup\u0103 care te face s\u0103 regre\u021bi c\u0103 nu ai cunoscut-o acum aproape 16 ani, c\u00e2nd \u0219i-a \u00eenceput cariera muzical\u0103. Dac\u0103 ai \u00eenceput s\u0103 o ascul\u021bi atunci \u0219i ai mai avut norocul s\u0103 o vezi live, po\u021bi bifa cu verde c\u0103su\u021ba aia de pe lista personal\u0103 care corespunde nominaliz\u0103rii ca norocos. Eu...","og_url":"https:\/\/listaluiedelweiss.ro\/index.php\/2026\/03\/09\/kalandra-live-at-lafayette-full-concert\/","og_site_name":"Lista lui Edelweiss","article_publisher":"https:\/\/www.facebook.com\/profile.php?id=61573060528727","article_author":"https:\/\/www.facebook.com\/profile.php?id=61573060528727","article_published_time":"2026-03-09T11:30:49+00:00","og_image":[{"width":1536,"height":1024,"url":"https:\/\/listaluiedelweiss.ro\/wp-content\/uploads\/2026\/01\/Daci-1.jpg","type":"image\/jpeg"}],"author":"Edelweiss","twitter_card":"summary_large_image","twitter_misc":{"Scris de":"Edelweiss","Timp estimat pentru citire":"2 minute"},"schema":{"@context":"https:\/\/schema.org","@graph":[{"@type":"Article","@id":"https:\/\/listaluiedelweiss.ro\/index.php\/2026\/03\/09\/kalandra-live-at-lafayette-full-concert\/#article","isPartOf":{"@id":"https:\/\/listaluiedelweiss.ro\/index.php\/2026\/03\/09\/kalandra-live-at-lafayette-full-concert\/"},"author":{"name":"Edelweiss","@id":"https:\/\/listaluiedelweiss.ro\/#\/schema\/person\/8cb7fb07445544ddf9ea8a880738937e"},"headline":"Kalandra &#8211; Live at Lafayette (Full concert)","datePublished":"2026-03-09T11:30:49+00:00","mainEntityOfPage":{"@id":"https:\/\/listaluiedelweiss.ro\/index.php\/2026\/03\/09\/kalandra-live-at-lafayette-full-concert\/"},"wordCount":208,"commentCount":0,"publisher":{"@id":"https:\/\/listaluiedelweiss.ro\/#\/schema\/person\/8cb7fb07445544ddf9ea8a880738937e"},"image":{"@id":"https:\/\/listaluiedelweiss.ro\/index.php\/2026\/03\/09\/kalandra-live-at-lafayette-full-concert\/#primaryimage"},"thumbnailUrl":"https:\/\/listaluiedelweiss.ro\/wp-content\/uploads\/2026\/01\/Daci-1.jpg","articleSection":["Paranghelii metalice"],"inLanguage":"ro-RO","potentialAction":[{"@type":"CommentAction","name":"Comment","target":["https:\/\/listaluiedelweiss.ro\/index.php\/2026\/03\/09\/kalandra-live-at-lafayette-full-concert\/#respond"]}]},{"@type":"WebPage","@id":"https:\/\/listaluiedelweiss.ro\/index.php\/2026\/03\/09\/kalandra-live-at-lafayette-full-concert\/","url":"https:\/\/listaluiedelweiss.ro\/index.php\/2026\/03\/09\/kalandra-live-at-lafayette-full-concert\/","name":"Kalandra - Live at Lafayette (Full concert) - Lista lui Edelweiss","isPartOf":{"@id":"https:\/\/listaluiedelweiss.ro\/#website"},"primaryImageOfPage":{"@id":"https:\/\/listaluiedelweiss.ro\/index.php\/2026\/03\/09\/kalandra-live-at-lafayette-full-concert\/#primaryimage"},"image":{"@id":"https:\/\/listaluiedelweiss.ro\/index.php\/2026\/03\/09\/kalandra-live-at-lafayette-full-concert\/#primaryimage"},"thumbnailUrl":"https:\/\/listaluiedelweiss.ro\/wp-content\/uploads\/2026\/01\/Daci-1.jpg","datePublished":"2026-03-09T11:30:49+00:00","breadcrumb":{"@id":"https:\/\/listaluiedelweiss.ro\/index.php\/2026\/03\/09\/kalandra-live-at-lafayette-full-concert\/#breadcrumb"},"inLanguage":"ro-RO","potentialAction":[{"@type":"ReadAction","target":["https:\/\/listaluiedelweiss.ro\/index.php\/2026\/03\/09\/kalandra-live-at-lafayette-full-concert\/"]}]},{"@type":"ImageObject","inLanguage":"ro-RO","@id":"https:\/\/listaluiedelweiss.ro\/index.php\/2026\/03\/09\/kalandra-live-at-lafayette-full-concert\/#primaryimage","url":"https:\/\/listaluiedelweiss.ro\/wp-content\/uploads\/2026\/01\/Daci-1.jpg","contentUrl":"https:\/\/listaluiedelweiss.ro\/wp-content\/uploads\/2026\/01\/Daci-1.jpg","width":1536,"height":1024},{"@type":"BreadcrumbList","@id":"https:\/\/listaluiedelweiss.ro\/index.php\/2026\/03\/09\/kalandra-live-at-lafayette-full-concert\/#breadcrumb","itemListElement":[{"@type":"ListItem","position":1,"name":"Home","item":"https:\/\/listaluiedelweiss.ro\/"},{"@type":"ListItem","position":2,"name":"Kalandra &#8211; Live at Lafayette (Full concert)"}]},{"@type":"WebSite","@id":"https:\/\/listaluiedelweiss.ro\/#website","url":"https:\/\/listaluiedelweiss.ro\/","name":"Lista lui Edelweiss","description":"For truth, life, and heavy metal.","publisher":{"@id":"https:\/\/listaluiedelweiss.ro\/#\/schema\/person\/8cb7fb07445544ddf9ea8a880738937e"},"potentialAction":[{"@type":"SearchAction","target":{"@type":"EntryPoint","urlTemplate":"https:\/\/listaluiedelweiss.ro\/?s={search_term_string}"},"query-input":{"@type":"PropertyValueSpecification","valueRequired":true,"valueName":"search_term_string"}}],"inLanguage":"ro-RO"},{"@type":["Person","Organization"],"@id":"https:\/\/listaluiedelweiss.ro\/#\/schema\/person\/8cb7fb07445544ddf9ea8a880738937e","name":"Edelweiss","image":{"@type":"ImageObject","inLanguage":"ro-RO","@id":"https:\/\/secure.gravatar.com\/avatar\/edc47d38b4ff3b829e7d9c6bafbd137257ee3b0e2b1cd10e5732cf52c4ca059b?s=96&d=wavatar&r=g","url":"https:\/\/secure.gravatar.com\/avatar\/edc47d38b4ff3b829e7d9c6bafbd137257ee3b0e2b1cd10e5732cf52c4ca059b?s=96&d=wavatar&r=g","contentUrl":"https:\/\/secure.gravatar.com\/avatar\/edc47d38b4ff3b829e7d9c6bafbd137257ee3b0e2b1cd10e5732cf52c4ca059b?s=96&d=wavatar&r=g","caption":"Edelweiss"},"logo":{"@id":"https:\/\/secure.gravatar.com\/avatar\/edc47d38b4ff3b829e7d9c6bafbd137257ee3b0e2b1cd10e5732cf52c4ca059b?s=96&d=wavatar&r=g"},"sameAs":["https:\/\/listaluiedelweiss.ro","https:\/\/www.facebook.com\/profile.php?id=61573060528727","https:\/\/www.youtube.com\/@Edelweiss74"],"url":"https:\/\/listaluiedelweiss.ro\/index.php\/author\/admin_cm1eo3dr\/"}]}},"jetpack_featured_media_url":"https:\/\/listaluiedelweiss.ro\/wp-content\/uploads\/2026\/01\/Daci-1.jpg","jetpack_sharing_enabled":true,"_links":{"self":[{"href":"https:\/\/listaluiedelweiss.ro\/index.php\/wp-json\/wp\/v2\/posts\/7700","targetHints":{"allow":["GET"]}}],"collection":[{"href":"https:\/\/listaluiedelweiss.ro\/index.php\/wp-json\/wp\/v2\/posts"}],"about":[{"href":"https:\/\/listaluiedelweiss.ro\/index.php\/wp-json\/wp\/v2\/types\/post"}],"author":[{"embeddable":true,"href":"https:\/\/listaluiedelweiss.ro\/index.php\/wp-json\/wp\/v2\/users\/1"}],"replies":[{"embeddable":true,"href":"https:\/\/listaluiedelweiss.ro\/index.php\/wp-json\/wp\/v2\/comments?post=7700"}],"version-history":[{"count":2,"href":"https:\/\/listaluiedelweiss.ro\/index.php\/wp-json\/wp\/v2\/posts\/7700\/revisions"}],"predecessor-version":[{"id":7702,"href":"https:\/\/listaluiedelweiss.ro\/index.php\/wp-json\/wp\/v2\/posts\/7700\/revisions\/7702"}],"wp:featuredmedia":[{"embeddable":true,"href":"https:\/\/listaluiedelweiss.ro\/index.php\/wp-json\/wp\/v2\/media\/7285"}],"wp:attachment":[{"href":"https:\/\/listaluiedelweiss.ro\/index.php\/wp-json\/wp\/v2\/media?parent=7700"}],"wp:term":[{"taxonomy":"category","embeddable":true,"href":"https:\/\/listaluiedelweiss.ro\/index.php\/wp-json\/wp\/v2\/categories?post=7700"},{"taxonomy":"post_tag","embeddable":true,"href":"https:\/\/listaluiedelweiss.ro\/index.php\/wp-json\/wp\/v2\/tags?post=7700"}],"curies":[{"name":"wp","href":"https:\/\/api.w.org\/{rel}","templated":true}]}}