{"id":7447,"date":"2026-02-12T07:39:19","date_gmt":"2026-02-12T05:39:19","guid":{"rendered":"https:\/\/listaluiedelweiss.ro\/?p=7447"},"modified":"2026-02-12T08:27:35","modified_gmt":"2026-02-12T06:27:35","slug":"te-iubesc-in-gura-mare-sau-soptit-sub-plapuma-cu-lumina-stinsa","status":"publish","type":"post","link":"https:\/\/listaluiedelweiss.ro\/index.php\/2026\/02\/12\/te-iubesc-in-gura-mare-sau-soptit-sub-plapuma-cu-lumina-stinsa\/","title":{"rendered":"Te iubesc \u00een gura mare sau \u0219optit sub plapum\u0103, cu lumina stins\u0103?"},"content":{"rendered":"<p data-path-to-node=\"4\"><span style=\"color: #000000;\">Pentru c\u0103 juniorul cel mare a trecut de selec\u021bia Erasmus, \u0219i pentru c\u0103 aceasta este prima lui plecare prin acest program, fiind de fapt prima lui deplasare peste grani\u021ba \u021b\u0103ri\u0219oarei de unul singur, sunt, \u00een acela\u0219i timp, m\u00e2ndru, dar \u0219i acut \u00eengrijorat. Fr\u0103m\u00e2nt\u0103rile interioare sunt u\u0219or de explicat: tat\u0103l clo\u0219c\u0103 se opune cu toat\u0103 puterea penajului taberei conduse de padre independentista.<\/span><\/p>\n<p data-path-to-node=\"5\"><span style=\"color: #000000;\">C\u00e2nd m-a sunat s\u0103-mi dea vestea, chiar dac\u0103 eram \u00eenconjurat de al\u021bi cet\u0103\u021beni cu care \u00eemp\u0103rt\u0103\u0219esc doar chestiuni profesionale, nu am ezitat s\u0103-i comunic juniorului c\u0103 sunt foarte m\u00e2ndru de el \u0219i c\u0103 \u00eel iubesc. La faza cu iubitul, c\u00e2teva spr\u00e2ncene s-au ridicat u\u0219or jenate.<\/span><\/p>\n<p data-path-to-node=\"6\"><span style=\"color: #000000;\">Ce m-a intrigat este c\u0103 acele spr\u00e2ncene erau ata\u0219ate unor fe\u021be tinere. Dac\u0103 eu, \u0219i poate \u0219i voi, nu am auzit niciodat\u0103 un te iubesc de la p\u0103rin\u021bimei, era pentru c\u0103, pe atunci, o asemenea verbalizare a afec\u021biunii te \u00eencadra imediat ca fiind gay, bolnav sau un cet\u0103\u021bean al RSR extrem de slab, aveam alte a\u0219tept\u0103ri de la cei mai tineri ca mine care au tr\u0103it alte deschideri. De fapt, pentru mul\u021bi dintre rom\u00e2no\u0219ii no\u0219tri buni, drep\u021bi \u0219i aprigi, homosexualitatea r\u0103m\u00e2ne \u0219i ast\u0103zi similar\u0103 cu boala sau cu un blestem adus de p\u0103catele \u00eenainta\u0219ilor. Dar na&#8230; aia cu a\u0219chia, se pare c\u0103 nu este o simpl\u0103 vorb\u0103 de duh.<\/span><\/p>\n<p data-path-to-node=\"6\"><span style=\"color: #000000;\">Crede\u021bi c\u0103 un te iubesc spus celor dragi, \u00een intimitate sau \u00een public, este o dovad\u0103 de sl\u0103biciune sau o normalitate de care orice suflet de om are nevoie?<\/span><\/p>\n<p data-path-to-node=\"6\"><span style=\"color: #000000;\"><strong>P.S.<\/strong><\/span><\/p>\n<p data-path-to-node=\"6\"><span style=\"color: #000000;\">Pentru sugerani\u0219tii rom\u00e2no\u0219i, mari iubitori de talp\u0103 ruseasc\u0103, am o urare scurt\u0103: un an nasol \u0219i mult\u0103 mumu. \u00cei \u00eentreb doar at\u00e2t pe ace\u0219ti patrio\u021bi aprig pup\u0103tori de dos sovietic: dac\u0103 orcii de la r\u0103s\u0103rit s-ar \u00eenfr\u0103\u021bi cu noi, crede\u021bi c\u0103 ar fi mai bun programul <b data-path-to-node=\"5\" data-index-in-node=\"131\">Gulagus<\/b>\u00a0dec\u00e2t <b data-path-to-node=\"5\" data-index-in-node=\"147\">Erasmus<\/b>?<\/span><\/p>\n","protected":false},"excerpt":{"rendered":"<p>Pentru c\u0103 juniorul cel mare a trecut de selec\u021bia Erasmus, \u0219i pentru c\u0103 aceasta este prima lui plecare prin acest program, fiind de fapt prima lui deplasare peste grani\u021ba \u021b\u0103ri\u0219oarei de unul singur, sunt, \u00een acela\u0219i timp, m\u00e2ndru, dar \u0219i acut \u00eengrijorat. Fr\u0103m\u00e2nt\u0103rile interioare sunt u\u0219or de explicat: tat\u0103l clo\u0219c\u0103 se opune cu toat\u0103 puterea&#8230;<\/p>\n","protected":false},"author":1,"featured_media":7448,"comment_status":"open","ping_status":"open","sticky":false,"template":"","format":"standard","meta":{"jetpack_post_was_ever_published":false,"_jetpack_newsletter_access":"","_jetpack_dont_email_post_to_subs":false,"_jetpack_newsletter_tier_id":0,"_jetpack_memberships_contains_paywalled_content":false,"_jetpack_memberships_contains_paid_content":false,"footnotes":""},"categories":[31],"tags":[],"class_list":["post-7447","post","type-post","status-publish","format-standard","has-post-thumbnail","hentry","category-personale"],"yoast_head":"<!-- This site is optimized with the Yoast SEO plugin v27.4 - https:\/\/yoast.com\/product\/yoast-seo-wordpress\/ -->\n<title>Te iubesc \u00een gura mare sau \u0219optit sub plapum\u0103, cu lumina stins\u0103? - Lista lui Edelweiss<\/title>\n<meta name=\"robots\" content=\"index, follow, max-snippet:-1, max-image-preview:large, max-video-preview:-1\" \/>\n<link rel=\"canonical\" href=\"https:\/\/listaluiedelweiss.ro\/index.php\/2026\/02\/12\/te-iubesc-in-gura-mare-sau-soptit-sub-plapuma-cu-lumina-stinsa\/\" \/>\n<meta property=\"og:locale\" content=\"ro_RO\" \/>\n<meta property=\"og:type\" content=\"article\" \/>\n<meta property=\"og:title\" content=\"Te iubesc \u00een gura mare sau \u0219optit sub plapum\u0103, cu lumina stins\u0103? - Lista lui Edelweiss\" \/>\n<meta property=\"og:description\" content=\"Pentru c\u0103 juniorul cel mare a trecut de selec\u021bia Erasmus, \u0219i pentru c\u0103 aceasta este prima lui plecare prin acest program, fiind de fapt prima lui deplasare peste grani\u021ba \u021b\u0103ri\u0219oarei de unul singur, sunt, \u00een acela\u0219i timp, m\u00e2ndru, dar \u0219i acut \u00eengrijorat. Fr\u0103m\u00e2nt\u0103rile interioare sunt u\u0219or de explicat: tat\u0103l clo\u0219c\u0103 se opune cu toat\u0103 puterea...\" \/>\n<meta property=\"og:url\" content=\"https:\/\/listaluiedelweiss.ro\/index.php\/2026\/02\/12\/te-iubesc-in-gura-mare-sau-soptit-sub-plapuma-cu-lumina-stinsa\/\" \/>\n<meta property=\"og:site_name\" content=\"Lista lui Edelweiss\" \/>\n<meta property=\"article:publisher\" content=\"https:\/\/www.facebook.com\/profile.php?id=61573060528727\" \/>\n<meta property=\"article:author\" content=\"https:\/\/www.facebook.com\/profile.php?id=61573060528727\" \/>\n<meta property=\"article:published_time\" content=\"2026-02-12T05:39:19+00:00\" \/>\n<meta property=\"article:modified_time\" content=\"2026-02-12T06:27:35+00:00\" \/>\n<meta property=\"og:image\" content=\"https:\/\/listaluiedelweiss.ro\/wp-content\/uploads\/2026\/02\/Cocos.jpeg\" \/>\n\t<meta property=\"og:image:width\" content=\"1536\" \/>\n\t<meta property=\"og:image:height\" content=\"1024\" \/>\n\t<meta property=\"og:image:type\" content=\"image\/jpeg\" \/>\n<meta name=\"author\" content=\"Edelweiss\" \/>\n<meta name=\"twitter:card\" content=\"summary_large_image\" \/>\n<meta name=\"twitter:label1\" content=\"Scris de\" \/>\n\t<meta name=\"twitter:data1\" content=\"Edelweiss\" \/>\n\t<meta name=\"twitter:label2\" content=\"Timp estimat pentru citire\" \/>\n\t<meta name=\"twitter:data2\" content=\"2 minute\" \/>\n<script type=\"application\/ld+json\" class=\"yoast-schema-graph\">{\"@context\":\"https:\\\/\\\/schema.org\",\"@graph\":[{\"@type\":\"Article\",\"@id\":\"https:\\\/\\\/listaluiedelweiss.ro\\\/index.php\\\/2026\\\/02\\\/12\\\/te-iubesc-in-gura-mare-sau-soptit-sub-plapuma-cu-lumina-stinsa\\\/#article\",\"isPartOf\":{\"@id\":\"https:\\\/\\\/listaluiedelweiss.ro\\\/index.php\\\/2026\\\/02\\\/12\\\/te-iubesc-in-gura-mare-sau-soptit-sub-plapuma-cu-lumina-stinsa\\\/\"},\"author\":{\"name\":\"Edelweiss\",\"@id\":\"https:\\\/\\\/listaluiedelweiss.ro\\\/#\\\/schema\\\/person\\\/8cb7fb07445544ddf9ea8a880738937e\"},\"headline\":\"Te iubesc \u00een gura mare sau \u0219optit sub plapum\u0103, cu lumina stins\u0103?\",\"datePublished\":\"2026-02-12T05:39:19+00:00\",\"dateModified\":\"2026-02-12T06:27:35+00:00\",\"mainEntityOfPage\":{\"@id\":\"https:\\\/\\\/listaluiedelweiss.ro\\\/index.php\\\/2026\\\/02\\\/12\\\/te-iubesc-in-gura-mare-sau-soptit-sub-plapuma-cu-lumina-stinsa\\\/\"},\"wordCount\":364,\"commentCount\":20,\"publisher\":{\"@id\":\"https:\\\/\\\/listaluiedelweiss.ro\\\/#\\\/schema\\\/person\\\/8cb7fb07445544ddf9ea8a880738937e\"},\"image\":{\"@id\":\"https:\\\/\\\/listaluiedelweiss.ro\\\/index.php\\\/2026\\\/02\\\/12\\\/te-iubesc-in-gura-mare-sau-soptit-sub-plapuma-cu-lumina-stinsa\\\/#primaryimage\"},\"thumbnailUrl\":\"https:\\\/\\\/listaluiedelweiss.ro\\\/wp-content\\\/uploads\\\/2026\\\/02\\\/Cocos.jpeg\",\"articleSection\":[\"Personale\"],\"inLanguage\":\"ro-RO\",\"potentialAction\":[{\"@type\":\"CommentAction\",\"name\":\"Comment\",\"target\":[\"https:\\\/\\\/listaluiedelweiss.ro\\\/index.php\\\/2026\\\/02\\\/12\\\/te-iubesc-in-gura-mare-sau-soptit-sub-plapuma-cu-lumina-stinsa\\\/#respond\"]}]},{\"@type\":\"WebPage\",\"@id\":\"https:\\\/\\\/listaluiedelweiss.ro\\\/index.php\\\/2026\\\/02\\\/12\\\/te-iubesc-in-gura-mare-sau-soptit-sub-plapuma-cu-lumina-stinsa\\\/\",\"url\":\"https:\\\/\\\/listaluiedelweiss.ro\\\/index.php\\\/2026\\\/02\\\/12\\\/te-iubesc-in-gura-mare-sau-soptit-sub-plapuma-cu-lumina-stinsa\\\/\",\"name\":\"Te iubesc \u00een gura mare sau \u0219optit sub plapum\u0103, cu lumina stins\u0103? - Lista lui Edelweiss\",\"isPartOf\":{\"@id\":\"https:\\\/\\\/listaluiedelweiss.ro\\\/#website\"},\"primaryImageOfPage\":{\"@id\":\"https:\\\/\\\/listaluiedelweiss.ro\\\/index.php\\\/2026\\\/02\\\/12\\\/te-iubesc-in-gura-mare-sau-soptit-sub-plapuma-cu-lumina-stinsa\\\/#primaryimage\"},\"image\":{\"@id\":\"https:\\\/\\\/listaluiedelweiss.ro\\\/index.php\\\/2026\\\/02\\\/12\\\/te-iubesc-in-gura-mare-sau-soptit-sub-plapuma-cu-lumina-stinsa\\\/#primaryimage\"},\"thumbnailUrl\":\"https:\\\/\\\/listaluiedelweiss.ro\\\/wp-content\\\/uploads\\\/2026\\\/02\\\/Cocos.jpeg\",\"datePublished\":\"2026-02-12T05:39:19+00:00\",\"dateModified\":\"2026-02-12T06:27:35+00:00\",\"breadcrumb\":{\"@id\":\"https:\\\/\\\/listaluiedelweiss.ro\\\/index.php\\\/2026\\\/02\\\/12\\\/te-iubesc-in-gura-mare-sau-soptit-sub-plapuma-cu-lumina-stinsa\\\/#breadcrumb\"},\"inLanguage\":\"ro-RO\",\"potentialAction\":[{\"@type\":\"ReadAction\",\"target\":[\"https:\\\/\\\/listaluiedelweiss.ro\\\/index.php\\\/2026\\\/02\\\/12\\\/te-iubesc-in-gura-mare-sau-soptit-sub-plapuma-cu-lumina-stinsa\\\/\"]}]},{\"@type\":\"ImageObject\",\"inLanguage\":\"ro-RO\",\"@id\":\"https:\\\/\\\/listaluiedelweiss.ro\\\/index.php\\\/2026\\\/02\\\/12\\\/te-iubesc-in-gura-mare-sau-soptit-sub-plapuma-cu-lumina-stinsa\\\/#primaryimage\",\"url\":\"https:\\\/\\\/listaluiedelweiss.ro\\\/wp-content\\\/uploads\\\/2026\\\/02\\\/Cocos.jpeg\",\"contentUrl\":\"https:\\\/\\\/listaluiedelweiss.ro\\\/wp-content\\\/uploads\\\/2026\\\/02\\\/Cocos.jpeg\",\"width\":1536,\"height\":1024},{\"@type\":\"BreadcrumbList\",\"@id\":\"https:\\\/\\\/listaluiedelweiss.ro\\\/index.php\\\/2026\\\/02\\\/12\\\/te-iubesc-in-gura-mare-sau-soptit-sub-plapuma-cu-lumina-stinsa\\\/#breadcrumb\",\"itemListElement\":[{\"@type\":\"ListItem\",\"position\":1,\"name\":\"Home\",\"item\":\"https:\\\/\\\/listaluiedelweiss.ro\\\/\"},{\"@type\":\"ListItem\",\"position\":2,\"name\":\"Te iubesc \u00een gura mare sau \u0219optit sub plapum\u0103, cu lumina stins\u0103?\"}]},{\"@type\":\"WebSite\",\"@id\":\"https:\\\/\\\/listaluiedelweiss.ro\\\/#website\",\"url\":\"https:\\\/\\\/listaluiedelweiss.ro\\\/\",\"name\":\"Lista lui Edelweiss\",\"description\":\"For truth, life, and heavy metal.\",\"publisher\":{\"@id\":\"https:\\\/\\\/listaluiedelweiss.ro\\\/#\\\/schema\\\/person\\\/8cb7fb07445544ddf9ea8a880738937e\"},\"potentialAction\":[{\"@type\":\"SearchAction\",\"target\":{\"@type\":\"EntryPoint\",\"urlTemplate\":\"https:\\\/\\\/listaluiedelweiss.ro\\\/?s={search_term_string}\"},\"query-input\":{\"@type\":\"PropertyValueSpecification\",\"valueRequired\":true,\"valueName\":\"search_term_string\"}}],\"inLanguage\":\"ro-RO\"},{\"@type\":[\"Person\",\"Organization\"],\"@id\":\"https:\\\/\\\/listaluiedelweiss.ro\\\/#\\\/schema\\\/person\\\/8cb7fb07445544ddf9ea8a880738937e\",\"name\":\"Edelweiss\",\"image\":{\"@type\":\"ImageObject\",\"inLanguage\":\"ro-RO\",\"@id\":\"https:\\\/\\\/secure.gravatar.com\\\/avatar\\\/edc47d38b4ff3b829e7d9c6bafbd137257ee3b0e2b1cd10e5732cf52c4ca059b?s=96&d=wavatar&r=g\",\"url\":\"https:\\\/\\\/secure.gravatar.com\\\/avatar\\\/edc47d38b4ff3b829e7d9c6bafbd137257ee3b0e2b1cd10e5732cf52c4ca059b?s=96&d=wavatar&r=g\",\"contentUrl\":\"https:\\\/\\\/secure.gravatar.com\\\/avatar\\\/edc47d38b4ff3b829e7d9c6bafbd137257ee3b0e2b1cd10e5732cf52c4ca059b?s=96&d=wavatar&r=g\",\"caption\":\"Edelweiss\"},\"logo\":{\"@id\":\"https:\\\/\\\/secure.gravatar.com\\\/avatar\\\/edc47d38b4ff3b829e7d9c6bafbd137257ee3b0e2b1cd10e5732cf52c4ca059b?s=96&d=wavatar&r=g\"},\"sameAs\":[\"https:\\\/\\\/listaluiedelweiss.ro\",\"https:\\\/\\\/www.facebook.com\\\/profile.php?id=61573060528727\",\"https:\\\/\\\/www.youtube.com\\\/@Edelweiss74\"],\"url\":\"https:\\\/\\\/listaluiedelweiss.ro\\\/index.php\\\/author\\\/admin_cm1eo3dr\\\/\"}]}<\/script>\n<!-- \/ Yoast SEO plugin. -->","yoast_head_json":{"title":"Te iubesc \u00een gura mare sau \u0219optit sub plapum\u0103, cu lumina stins\u0103? - Lista lui Edelweiss","robots":{"index":"index","follow":"follow","max-snippet":"max-snippet:-1","max-image-preview":"max-image-preview:large","max-video-preview":"max-video-preview:-1"},"canonical":"https:\/\/listaluiedelweiss.ro\/index.php\/2026\/02\/12\/te-iubesc-in-gura-mare-sau-soptit-sub-plapuma-cu-lumina-stinsa\/","og_locale":"ro_RO","og_type":"article","og_title":"Te iubesc \u00een gura mare sau \u0219optit sub plapum\u0103, cu lumina stins\u0103? - Lista lui Edelweiss","og_description":"Pentru c\u0103 juniorul cel mare a trecut de selec\u021bia Erasmus, \u0219i pentru c\u0103 aceasta este prima lui plecare prin acest program, fiind de fapt prima lui deplasare peste grani\u021ba \u021b\u0103ri\u0219oarei de unul singur, sunt, \u00een acela\u0219i timp, m\u00e2ndru, dar \u0219i acut \u00eengrijorat. Fr\u0103m\u00e2nt\u0103rile interioare sunt u\u0219or de explicat: tat\u0103l clo\u0219c\u0103 se opune cu toat\u0103 puterea...","og_url":"https:\/\/listaluiedelweiss.ro\/index.php\/2026\/02\/12\/te-iubesc-in-gura-mare-sau-soptit-sub-plapuma-cu-lumina-stinsa\/","og_site_name":"Lista lui Edelweiss","article_publisher":"https:\/\/www.facebook.com\/profile.php?id=61573060528727","article_author":"https:\/\/www.facebook.com\/profile.php?id=61573060528727","article_published_time":"2026-02-12T05:39:19+00:00","article_modified_time":"2026-02-12T06:27:35+00:00","og_image":[{"width":1536,"height":1024,"url":"https:\/\/listaluiedelweiss.ro\/wp-content\/uploads\/2026\/02\/Cocos.jpeg","type":"image\/jpeg"}],"author":"Edelweiss","twitter_card":"summary_large_image","twitter_misc":{"Scris de":"Edelweiss","Timp estimat pentru citire":"2 minute"},"schema":{"@context":"https:\/\/schema.org","@graph":[{"@type":"Article","@id":"https:\/\/listaluiedelweiss.ro\/index.php\/2026\/02\/12\/te-iubesc-in-gura-mare-sau-soptit-sub-plapuma-cu-lumina-stinsa\/#article","isPartOf":{"@id":"https:\/\/listaluiedelweiss.ro\/index.php\/2026\/02\/12\/te-iubesc-in-gura-mare-sau-soptit-sub-plapuma-cu-lumina-stinsa\/"},"author":{"name":"Edelweiss","@id":"https:\/\/listaluiedelweiss.ro\/#\/schema\/person\/8cb7fb07445544ddf9ea8a880738937e"},"headline":"Te iubesc \u00een gura mare sau \u0219optit sub plapum\u0103, cu lumina stins\u0103?","datePublished":"2026-02-12T05:39:19+00:00","dateModified":"2026-02-12T06:27:35+00:00","mainEntityOfPage":{"@id":"https:\/\/listaluiedelweiss.ro\/index.php\/2026\/02\/12\/te-iubesc-in-gura-mare-sau-soptit-sub-plapuma-cu-lumina-stinsa\/"},"wordCount":364,"commentCount":20,"publisher":{"@id":"https:\/\/listaluiedelweiss.ro\/#\/schema\/person\/8cb7fb07445544ddf9ea8a880738937e"},"image":{"@id":"https:\/\/listaluiedelweiss.ro\/index.php\/2026\/02\/12\/te-iubesc-in-gura-mare-sau-soptit-sub-plapuma-cu-lumina-stinsa\/#primaryimage"},"thumbnailUrl":"https:\/\/listaluiedelweiss.ro\/wp-content\/uploads\/2026\/02\/Cocos.jpeg","articleSection":["Personale"],"inLanguage":"ro-RO","potentialAction":[{"@type":"CommentAction","name":"Comment","target":["https:\/\/listaluiedelweiss.ro\/index.php\/2026\/02\/12\/te-iubesc-in-gura-mare-sau-soptit-sub-plapuma-cu-lumina-stinsa\/#respond"]}]},{"@type":"WebPage","@id":"https:\/\/listaluiedelweiss.ro\/index.php\/2026\/02\/12\/te-iubesc-in-gura-mare-sau-soptit-sub-plapuma-cu-lumina-stinsa\/","url":"https:\/\/listaluiedelweiss.ro\/index.php\/2026\/02\/12\/te-iubesc-in-gura-mare-sau-soptit-sub-plapuma-cu-lumina-stinsa\/","name":"Te iubesc \u00een gura mare sau \u0219optit sub plapum\u0103, cu lumina stins\u0103? - Lista lui Edelweiss","isPartOf":{"@id":"https:\/\/listaluiedelweiss.ro\/#website"},"primaryImageOfPage":{"@id":"https:\/\/listaluiedelweiss.ro\/index.php\/2026\/02\/12\/te-iubesc-in-gura-mare-sau-soptit-sub-plapuma-cu-lumina-stinsa\/#primaryimage"},"image":{"@id":"https:\/\/listaluiedelweiss.ro\/index.php\/2026\/02\/12\/te-iubesc-in-gura-mare-sau-soptit-sub-plapuma-cu-lumina-stinsa\/#primaryimage"},"thumbnailUrl":"https:\/\/listaluiedelweiss.ro\/wp-content\/uploads\/2026\/02\/Cocos.jpeg","datePublished":"2026-02-12T05:39:19+00:00","dateModified":"2026-02-12T06:27:35+00:00","breadcrumb":{"@id":"https:\/\/listaluiedelweiss.ro\/index.php\/2026\/02\/12\/te-iubesc-in-gura-mare-sau-soptit-sub-plapuma-cu-lumina-stinsa\/#breadcrumb"},"inLanguage":"ro-RO","potentialAction":[{"@type":"ReadAction","target":["https:\/\/listaluiedelweiss.ro\/index.php\/2026\/02\/12\/te-iubesc-in-gura-mare-sau-soptit-sub-plapuma-cu-lumina-stinsa\/"]}]},{"@type":"ImageObject","inLanguage":"ro-RO","@id":"https:\/\/listaluiedelweiss.ro\/index.php\/2026\/02\/12\/te-iubesc-in-gura-mare-sau-soptit-sub-plapuma-cu-lumina-stinsa\/#primaryimage","url":"https:\/\/listaluiedelweiss.ro\/wp-content\/uploads\/2026\/02\/Cocos.jpeg","contentUrl":"https:\/\/listaluiedelweiss.ro\/wp-content\/uploads\/2026\/02\/Cocos.jpeg","width":1536,"height":1024},{"@type":"BreadcrumbList","@id":"https:\/\/listaluiedelweiss.ro\/index.php\/2026\/02\/12\/te-iubesc-in-gura-mare-sau-soptit-sub-plapuma-cu-lumina-stinsa\/#breadcrumb","itemListElement":[{"@type":"ListItem","position":1,"name":"Home","item":"https:\/\/listaluiedelweiss.ro\/"},{"@type":"ListItem","position":2,"name":"Te iubesc \u00een gura mare sau \u0219optit sub plapum\u0103, cu lumina stins\u0103?"}]},{"@type":"WebSite","@id":"https:\/\/listaluiedelweiss.ro\/#website","url":"https:\/\/listaluiedelweiss.ro\/","name":"Lista lui Edelweiss","description":"For truth, life, and heavy metal.","publisher":{"@id":"https:\/\/listaluiedelweiss.ro\/#\/schema\/person\/8cb7fb07445544ddf9ea8a880738937e"},"potentialAction":[{"@type":"SearchAction","target":{"@type":"EntryPoint","urlTemplate":"https:\/\/listaluiedelweiss.ro\/?s={search_term_string}"},"query-input":{"@type":"PropertyValueSpecification","valueRequired":true,"valueName":"search_term_string"}}],"inLanguage":"ro-RO"},{"@type":["Person","Organization"],"@id":"https:\/\/listaluiedelweiss.ro\/#\/schema\/person\/8cb7fb07445544ddf9ea8a880738937e","name":"Edelweiss","image":{"@type":"ImageObject","inLanguage":"ro-RO","@id":"https:\/\/secure.gravatar.com\/avatar\/edc47d38b4ff3b829e7d9c6bafbd137257ee3b0e2b1cd10e5732cf52c4ca059b?s=96&d=wavatar&r=g","url":"https:\/\/secure.gravatar.com\/avatar\/edc47d38b4ff3b829e7d9c6bafbd137257ee3b0e2b1cd10e5732cf52c4ca059b?s=96&d=wavatar&r=g","contentUrl":"https:\/\/secure.gravatar.com\/avatar\/edc47d38b4ff3b829e7d9c6bafbd137257ee3b0e2b1cd10e5732cf52c4ca059b?s=96&d=wavatar&r=g","caption":"Edelweiss"},"logo":{"@id":"https:\/\/secure.gravatar.com\/avatar\/edc47d38b4ff3b829e7d9c6bafbd137257ee3b0e2b1cd10e5732cf52c4ca059b?s=96&d=wavatar&r=g"},"sameAs":["https:\/\/listaluiedelweiss.ro","https:\/\/www.facebook.com\/profile.php?id=61573060528727","https:\/\/www.youtube.com\/@Edelweiss74"],"url":"https:\/\/listaluiedelweiss.ro\/index.php\/author\/admin_cm1eo3dr\/"}]}},"jetpack_featured_media_url":"https:\/\/listaluiedelweiss.ro\/wp-content\/uploads\/2026\/02\/Cocos.jpeg","jetpack_sharing_enabled":true,"_links":{"self":[{"href":"https:\/\/listaluiedelweiss.ro\/index.php\/wp-json\/wp\/v2\/posts\/7447","targetHints":{"allow":["GET"]}}],"collection":[{"href":"https:\/\/listaluiedelweiss.ro\/index.php\/wp-json\/wp\/v2\/posts"}],"about":[{"href":"https:\/\/listaluiedelweiss.ro\/index.php\/wp-json\/wp\/v2\/types\/post"}],"author":[{"embeddable":true,"href":"https:\/\/listaluiedelweiss.ro\/index.php\/wp-json\/wp\/v2\/users\/1"}],"replies":[{"embeddable":true,"href":"https:\/\/listaluiedelweiss.ro\/index.php\/wp-json\/wp\/v2\/comments?post=7447"}],"version-history":[{"count":4,"href":"https:\/\/listaluiedelweiss.ro\/index.php\/wp-json\/wp\/v2\/posts\/7447\/revisions"}],"predecessor-version":[{"id":7452,"href":"https:\/\/listaluiedelweiss.ro\/index.php\/wp-json\/wp\/v2\/posts\/7447\/revisions\/7452"}],"wp:featuredmedia":[{"embeddable":true,"href":"https:\/\/listaluiedelweiss.ro\/index.php\/wp-json\/wp\/v2\/media\/7448"}],"wp:attachment":[{"href":"https:\/\/listaluiedelweiss.ro\/index.php\/wp-json\/wp\/v2\/media?parent=7447"}],"wp:term":[{"taxonomy":"category","embeddable":true,"href":"https:\/\/listaluiedelweiss.ro\/index.php\/wp-json\/wp\/v2\/categories?post=7447"},{"taxonomy":"post_tag","embeddable":true,"href":"https:\/\/listaluiedelweiss.ro\/index.php\/wp-json\/wp\/v2\/tags?post=7447"}],"curies":[{"name":"wp","href":"https:\/\/api.w.org\/{rel}","templated":true}]}}