{"id":5884,"date":"2025-09-17T11:01:20","date_gmt":"2025-09-17T08:01:20","guid":{"rendered":"https:\/\/listaluiedelweiss.ro\/?p=5884"},"modified":"2025-09-17T11:04:46","modified_gmt":"2025-09-17T08:04:46","slug":"concluzii-dupa-lido-di-ostia","status":"publish","type":"post","link":"https:\/\/listaluiedelweiss.ro\/index.php\/2025\/09\/17\/concluzii-dupa-lido-di-ostia\/","title":{"rendered":"Concluzii dup\u0103 Lido di Ostia"},"content":{"rendered":"<p>Cea mai important\u0103 dintre toate, nu am avut nicio singur\u0103 clip\u0103, indiferent unde am m\u00e2ncat sau b\u0103ut, senza\u021bia de japc\u0103 pe care o am dup\u0103 o ciocnire cu\u00a0 horeca rom\u00e2noas\u0103.<\/p>\n<p>Dac\u0103 \u00ee\u021bi plac plajele hiper populate cu tot felul de umani, zguduite de bump\u021bi, bump\u021bi sau urlete primare cu vea\u021ba mea, valoarea mea, ei bine, or\u0103\u0219elul \u0103sta cu 80.000 de locuitori, nu este ce cau\u021bi. Vrei opusul? Ia \u00een considerare Lido di Ostia. Nisipiul este foarte fin, apa albastr\u0103, limpede, intrarerea \u00een ap\u0103 este incredibil de bl\u00e2nd\u0103, foarte safe pentru copii.<\/p>\n<p>Sunt kilometri de plaje publice pe care s\u0103 zaci, f\u0103r\u0103 restric\u021bii, dar chiar \u0219i pe cele private ai posibilitatea s\u0103 i\u021bi a\u0219ezi cearceaful, prosopul sau propriul \u0219ezlog, f\u0103r\u0103 s\u0103 vin\u0103 vreun patronache cu h\u0103ndr\u0103l\u0103ii lui s\u0103 urle c\u0103 a mo\u0219tenit nisipul \u0103la de m\u0103-sa.<\/p>\n<p>Ai \u0219i plaje, generoase, de pe una am fost u\u0219uit eu cu fi-meu, dar am \u00een\u021beles c\u0103 ar fi cam trei, pentru cei care vor s\u0103 vin\u0103 cu c\u00e2ini. \u0102lora cu pisici, \u0219op\u00e2rle, cai, nu \u0219tiu ce s\u0103 le spun.<\/p>\n<p>Din ce am \u00een\u021beles, lunile iulie \u0219i august sunt siderurgice, din cauz\u0103 de curen\u021bi imigran\u021bi din Africa. Dac\u0103 vrei temperaturi \u00eentre 40 \u0219i aproape 50, alea sunt lunile \u00een care s\u0103 sejurezi aici.<\/p>\n<p>Pre\u021burile sunt similare cu cele din Roma, \u00een unele situa\u021bii, u\u0219or mai jos. \u0218ezlongurile, all day, all season, \u00eentre 5 \u0219i 6 euro, umbrela cam 3 euro. M\u00e2ncarea este excelent\u0103, nu are rost s\u0103 recomand loca\u021bii, gusturile difer\u0103. Sfatul, unul clasic, r\u0103m\u00e2ne universal valabil, lua\u021bi-o de nebuni pe str\u0103du\u021be \u0219i m\u00e2nca\u021bi \u00een cr\u00e2\u0219me populate zilnic cu localnici.<\/p>\n<p>Este genul de loc \u00een care m-a\u0219 retrage \u0219i m\u00e2ine. Pitoresc, lini\u0219tit, relaxat, cu oameni care z\u00e2mbesc tot timpul. P\u00e2n\u0103 m-am calibrat, singurul \u00eencruntat, din urbea aia, eram eu.<\/p>\n<p>Ca s\u0103 \u00een\u021belege\u021bi c\u00e2t de mult mi-a pl\u0103cut, am \u00eentrebat \u0219i de pre\u021burile la apartamente. \u00centre 2000 \u0219i 2500 de euro, metrul p\u0103trat, \u00een func\u021bie de finisaje,\u00a0 dac\u0103 vrei s\u0103 cumperi, \u0219i \u00eentre 500 \u0219i 800, dac\u0103 vrei s\u0103 \u00eenchiriezi. \u00cen plus, pentru varia\u021bie turistic\u0103, ai Roma la jum\u0103tate de or\u0103. \u0218i \u00een Ostia ai parte de istorie la tot pasul \u0219i observi grija autorit\u0103\u021bilor pentru conservarea \u0219i promovarea ei.<\/p>\n<p>Conclusione finale, unul dintre locurile unde chiar mi-am re\u00eenc\u0103rcat bateriile \u0219i \u00een care a\u0219 reveni f\u0103r\u0103 s\u0103 ezit.<\/p>\n","protected":false},"excerpt":{"rendered":"<p>Cea mai important\u0103 dintre toate, nu am avut nicio singur\u0103 clip\u0103, indiferent unde am m\u00e2ncat sau b\u0103ut, senza\u021bia de japc\u0103 pe care o am dup\u0103 o ciocnire cu\u00a0 horeca rom\u00e2noas\u0103. Dac\u0103 \u00ee\u021bi plac plajele hiper populate cu tot felul de umani, zguduite de bump\u021bi, bump\u021bi sau urlete primare cu vea\u021ba mea, valoarea mea, ei bine,&#8230;<\/p>\n","protected":false},"author":1,"featured_media":5885,"comment_status":"open","ping_status":"open","sticky":false,"template":"","format":"standard","meta":{"jetpack_post_was_ever_published":false,"_jetpack_newsletter_access":"","_jetpack_dont_email_post_to_subs":false,"_jetpack_newsletter_tier_id":0,"_jetpack_memberships_contains_paywalled_content":false,"_jetpack_memberships_contains_paid_content":false,"footnotes":""},"categories":[1],"tags":[],"class_list":["post-5884","post","type-post","status-publish","format-standard","has-post-thumbnail","hentry","category-uncategorized"],"yoast_head":"<!-- This site is optimized with the Yoast SEO plugin v27.4 - https:\/\/yoast.com\/product\/yoast-seo-wordpress\/ -->\n<title>Concluzii dup\u0103 Lido di Ostia - Lista lui Edelweiss<\/title>\n<meta name=\"robots\" content=\"index, follow, max-snippet:-1, max-image-preview:large, max-video-preview:-1\" \/>\n<link rel=\"canonical\" href=\"https:\/\/listaluiedelweiss.ro\/index.php\/2025\/09\/17\/concluzii-dupa-lido-di-ostia\/\" \/>\n<meta property=\"og:locale\" content=\"ro_RO\" \/>\n<meta property=\"og:type\" content=\"article\" \/>\n<meta property=\"og:title\" content=\"Concluzii dup\u0103 Lido di Ostia - Lista lui Edelweiss\" \/>\n<meta property=\"og:description\" content=\"Cea mai important\u0103 dintre toate, nu am avut nicio singur\u0103 clip\u0103, indiferent unde am m\u00e2ncat sau b\u0103ut, senza\u021bia de japc\u0103 pe care o am dup\u0103 o ciocnire cu\u00a0 horeca rom\u00e2noas\u0103. Dac\u0103 \u00ee\u021bi plac plajele hiper populate cu tot felul de umani, zguduite de bump\u021bi, bump\u021bi sau urlete primare cu vea\u021ba mea, valoarea mea, ei bine,...\" \/>\n<meta property=\"og:url\" content=\"https:\/\/listaluiedelweiss.ro\/index.php\/2025\/09\/17\/concluzii-dupa-lido-di-ostia\/\" \/>\n<meta property=\"og:site_name\" content=\"Lista lui Edelweiss\" \/>\n<meta property=\"article:publisher\" content=\"https:\/\/www.facebook.com\/profile.php?id=61573060528727\" \/>\n<meta property=\"article:author\" content=\"https:\/\/www.facebook.com\/profile.php?id=61573060528727\" \/>\n<meta property=\"article:published_time\" content=\"2025-09-17T08:01:20+00:00\" \/>\n<meta property=\"article:modified_time\" content=\"2025-09-17T08:04:46+00:00\" \/>\n<meta property=\"og:image\" content=\"https:\/\/listaluiedelweiss.ro\/wp-content\/uploads\/2025\/09\/IMG_20250913_120318684-scaled.jpg\" \/>\n\t<meta property=\"og:image:width\" content=\"2560\" \/>\n\t<meta property=\"og:image:height\" content=\"1920\" \/>\n\t<meta property=\"og:image:type\" content=\"image\/jpeg\" \/>\n<meta name=\"author\" content=\"Edelweiss\" \/>\n<meta name=\"twitter:card\" content=\"summary_large_image\" \/>\n<meta name=\"twitter:label1\" content=\"Scris de\" \/>\n\t<meta name=\"twitter:data1\" content=\"Edelweiss\" \/>\n\t<meta name=\"twitter:label2\" content=\"Timp estimat pentru citire\" \/>\n\t<meta name=\"twitter:data2\" content=\"3 minute\" \/>\n<script type=\"application\/ld+json\" class=\"yoast-schema-graph\">{\"@context\":\"https:\\\/\\\/schema.org\",\"@graph\":[{\"@type\":\"Article\",\"@id\":\"https:\\\/\\\/listaluiedelweiss.ro\\\/index.php\\\/2025\\\/09\\\/17\\\/concluzii-dupa-lido-di-ostia\\\/#article\",\"isPartOf\":{\"@id\":\"https:\\\/\\\/listaluiedelweiss.ro\\\/index.php\\\/2025\\\/09\\\/17\\\/concluzii-dupa-lido-di-ostia\\\/\"},\"author\":{\"name\":\"Edelweiss\",\"@id\":\"https:\\\/\\\/listaluiedelweiss.ro\\\/#\\\/schema\\\/person\\\/8cb7fb07445544ddf9ea8a880738937e\"},\"headline\":\"Concluzii dup\u0103 Lido di Ostia\",\"datePublished\":\"2025-09-17T08:01:20+00:00\",\"dateModified\":\"2025-09-17T08:04:46+00:00\",\"mainEntityOfPage\":{\"@id\":\"https:\\\/\\\/listaluiedelweiss.ro\\\/index.php\\\/2025\\\/09\\\/17\\\/concluzii-dupa-lido-di-ostia\\\/\"},\"wordCount\":434,\"commentCount\":15,\"publisher\":{\"@id\":\"https:\\\/\\\/listaluiedelweiss.ro\\\/#\\\/schema\\\/person\\\/8cb7fb07445544ddf9ea8a880738937e\"},\"image\":{\"@id\":\"https:\\\/\\\/listaluiedelweiss.ro\\\/index.php\\\/2025\\\/09\\\/17\\\/concluzii-dupa-lido-di-ostia\\\/#primaryimage\"},\"thumbnailUrl\":\"https:\\\/\\\/listaluiedelweiss.ro\\\/wp-content\\\/uploads\\\/2025\\\/09\\\/IMG_20250913_120318684-scaled.jpg\",\"articleSection\":[\"Uncategorized\"],\"inLanguage\":\"ro-RO\",\"potentialAction\":[{\"@type\":\"CommentAction\",\"name\":\"Comment\",\"target\":[\"https:\\\/\\\/listaluiedelweiss.ro\\\/index.php\\\/2025\\\/09\\\/17\\\/concluzii-dupa-lido-di-ostia\\\/#respond\"]}]},{\"@type\":\"WebPage\",\"@id\":\"https:\\\/\\\/listaluiedelweiss.ro\\\/index.php\\\/2025\\\/09\\\/17\\\/concluzii-dupa-lido-di-ostia\\\/\",\"url\":\"https:\\\/\\\/listaluiedelweiss.ro\\\/index.php\\\/2025\\\/09\\\/17\\\/concluzii-dupa-lido-di-ostia\\\/\",\"name\":\"Concluzii dup\u0103 Lido di Ostia - Lista lui Edelweiss\",\"isPartOf\":{\"@id\":\"https:\\\/\\\/listaluiedelweiss.ro\\\/#website\"},\"primaryImageOfPage\":{\"@id\":\"https:\\\/\\\/listaluiedelweiss.ro\\\/index.php\\\/2025\\\/09\\\/17\\\/concluzii-dupa-lido-di-ostia\\\/#primaryimage\"},\"image\":{\"@id\":\"https:\\\/\\\/listaluiedelweiss.ro\\\/index.php\\\/2025\\\/09\\\/17\\\/concluzii-dupa-lido-di-ostia\\\/#primaryimage\"},\"thumbnailUrl\":\"https:\\\/\\\/listaluiedelweiss.ro\\\/wp-content\\\/uploads\\\/2025\\\/09\\\/IMG_20250913_120318684-scaled.jpg\",\"datePublished\":\"2025-09-17T08:01:20+00:00\",\"dateModified\":\"2025-09-17T08:04:46+00:00\",\"breadcrumb\":{\"@id\":\"https:\\\/\\\/listaluiedelweiss.ro\\\/index.php\\\/2025\\\/09\\\/17\\\/concluzii-dupa-lido-di-ostia\\\/#breadcrumb\"},\"inLanguage\":\"ro-RO\",\"potentialAction\":[{\"@type\":\"ReadAction\",\"target\":[\"https:\\\/\\\/listaluiedelweiss.ro\\\/index.php\\\/2025\\\/09\\\/17\\\/concluzii-dupa-lido-di-ostia\\\/\"]}]},{\"@type\":\"ImageObject\",\"inLanguage\":\"ro-RO\",\"@id\":\"https:\\\/\\\/listaluiedelweiss.ro\\\/index.php\\\/2025\\\/09\\\/17\\\/concluzii-dupa-lido-di-ostia\\\/#primaryimage\",\"url\":\"https:\\\/\\\/listaluiedelweiss.ro\\\/wp-content\\\/uploads\\\/2025\\\/09\\\/IMG_20250913_120318684-scaled.jpg\",\"contentUrl\":\"https:\\\/\\\/listaluiedelweiss.ro\\\/wp-content\\\/uploads\\\/2025\\\/09\\\/IMG_20250913_120318684-scaled.jpg\",\"width\":2560,\"height\":1920},{\"@type\":\"BreadcrumbList\",\"@id\":\"https:\\\/\\\/listaluiedelweiss.ro\\\/index.php\\\/2025\\\/09\\\/17\\\/concluzii-dupa-lido-di-ostia\\\/#breadcrumb\",\"itemListElement\":[{\"@type\":\"ListItem\",\"position\":1,\"name\":\"Home\",\"item\":\"https:\\\/\\\/listaluiedelweiss.ro\\\/\"},{\"@type\":\"ListItem\",\"position\":2,\"name\":\"Concluzii dup\u0103 Lido di Ostia\"}]},{\"@type\":\"WebSite\",\"@id\":\"https:\\\/\\\/listaluiedelweiss.ro\\\/#website\",\"url\":\"https:\\\/\\\/listaluiedelweiss.ro\\\/\",\"name\":\"Lista lui Edelweiss\",\"description\":\"For truth, life, and heavy metal.\",\"publisher\":{\"@id\":\"https:\\\/\\\/listaluiedelweiss.ro\\\/#\\\/schema\\\/person\\\/8cb7fb07445544ddf9ea8a880738937e\"},\"potentialAction\":[{\"@type\":\"SearchAction\",\"target\":{\"@type\":\"EntryPoint\",\"urlTemplate\":\"https:\\\/\\\/listaluiedelweiss.ro\\\/?s={search_term_string}\"},\"query-input\":{\"@type\":\"PropertyValueSpecification\",\"valueRequired\":true,\"valueName\":\"search_term_string\"}}],\"inLanguage\":\"ro-RO\"},{\"@type\":[\"Person\",\"Organization\"],\"@id\":\"https:\\\/\\\/listaluiedelweiss.ro\\\/#\\\/schema\\\/person\\\/8cb7fb07445544ddf9ea8a880738937e\",\"name\":\"Edelweiss\",\"image\":{\"@type\":\"ImageObject\",\"inLanguage\":\"ro-RO\",\"@id\":\"https:\\\/\\\/secure.gravatar.com\\\/avatar\\\/edc47d38b4ff3b829e7d9c6bafbd137257ee3b0e2b1cd10e5732cf52c4ca059b?s=96&d=wavatar&r=g\",\"url\":\"https:\\\/\\\/secure.gravatar.com\\\/avatar\\\/edc47d38b4ff3b829e7d9c6bafbd137257ee3b0e2b1cd10e5732cf52c4ca059b?s=96&d=wavatar&r=g\",\"contentUrl\":\"https:\\\/\\\/secure.gravatar.com\\\/avatar\\\/edc47d38b4ff3b829e7d9c6bafbd137257ee3b0e2b1cd10e5732cf52c4ca059b?s=96&d=wavatar&r=g\",\"caption\":\"Edelweiss\"},\"logo\":{\"@id\":\"https:\\\/\\\/secure.gravatar.com\\\/avatar\\\/edc47d38b4ff3b829e7d9c6bafbd137257ee3b0e2b1cd10e5732cf52c4ca059b?s=96&d=wavatar&r=g\"},\"sameAs\":[\"https:\\\/\\\/listaluiedelweiss.ro\",\"https:\\\/\\\/www.facebook.com\\\/profile.php?id=61573060528727\",\"https:\\\/\\\/www.youtube.com\\\/@Edelweiss74\"],\"url\":\"https:\\\/\\\/listaluiedelweiss.ro\\\/index.php\\\/author\\\/admin_cm1eo3dr\\\/\"}]}<\/script>\n<!-- \/ Yoast SEO plugin. -->","yoast_head_json":{"title":"Concluzii dup\u0103 Lido di Ostia - Lista lui Edelweiss","robots":{"index":"index","follow":"follow","max-snippet":"max-snippet:-1","max-image-preview":"max-image-preview:large","max-video-preview":"max-video-preview:-1"},"canonical":"https:\/\/listaluiedelweiss.ro\/index.php\/2025\/09\/17\/concluzii-dupa-lido-di-ostia\/","og_locale":"ro_RO","og_type":"article","og_title":"Concluzii dup\u0103 Lido di Ostia - Lista lui Edelweiss","og_description":"Cea mai important\u0103 dintre toate, nu am avut nicio singur\u0103 clip\u0103, indiferent unde am m\u00e2ncat sau b\u0103ut, senza\u021bia de japc\u0103 pe care o am dup\u0103 o ciocnire cu\u00a0 horeca rom\u00e2noas\u0103. Dac\u0103 \u00ee\u021bi plac plajele hiper populate cu tot felul de umani, zguduite de bump\u021bi, bump\u021bi sau urlete primare cu vea\u021ba mea, valoarea mea, ei bine,...","og_url":"https:\/\/listaluiedelweiss.ro\/index.php\/2025\/09\/17\/concluzii-dupa-lido-di-ostia\/","og_site_name":"Lista lui Edelweiss","article_publisher":"https:\/\/www.facebook.com\/profile.php?id=61573060528727","article_author":"https:\/\/www.facebook.com\/profile.php?id=61573060528727","article_published_time":"2025-09-17T08:01:20+00:00","article_modified_time":"2025-09-17T08:04:46+00:00","og_image":[{"width":2560,"height":1920,"url":"https:\/\/listaluiedelweiss.ro\/wp-content\/uploads\/2025\/09\/IMG_20250913_120318684-scaled.jpg","type":"image\/jpeg"}],"author":"Edelweiss","twitter_card":"summary_large_image","twitter_misc":{"Scris de":"Edelweiss","Timp estimat pentru citire":"3 minute"},"schema":{"@context":"https:\/\/schema.org","@graph":[{"@type":"Article","@id":"https:\/\/listaluiedelweiss.ro\/index.php\/2025\/09\/17\/concluzii-dupa-lido-di-ostia\/#article","isPartOf":{"@id":"https:\/\/listaluiedelweiss.ro\/index.php\/2025\/09\/17\/concluzii-dupa-lido-di-ostia\/"},"author":{"name":"Edelweiss","@id":"https:\/\/listaluiedelweiss.ro\/#\/schema\/person\/8cb7fb07445544ddf9ea8a880738937e"},"headline":"Concluzii dup\u0103 Lido di Ostia","datePublished":"2025-09-17T08:01:20+00:00","dateModified":"2025-09-17T08:04:46+00:00","mainEntityOfPage":{"@id":"https:\/\/listaluiedelweiss.ro\/index.php\/2025\/09\/17\/concluzii-dupa-lido-di-ostia\/"},"wordCount":434,"commentCount":15,"publisher":{"@id":"https:\/\/listaluiedelweiss.ro\/#\/schema\/person\/8cb7fb07445544ddf9ea8a880738937e"},"image":{"@id":"https:\/\/listaluiedelweiss.ro\/index.php\/2025\/09\/17\/concluzii-dupa-lido-di-ostia\/#primaryimage"},"thumbnailUrl":"https:\/\/listaluiedelweiss.ro\/wp-content\/uploads\/2025\/09\/IMG_20250913_120318684-scaled.jpg","articleSection":["Uncategorized"],"inLanguage":"ro-RO","potentialAction":[{"@type":"CommentAction","name":"Comment","target":["https:\/\/listaluiedelweiss.ro\/index.php\/2025\/09\/17\/concluzii-dupa-lido-di-ostia\/#respond"]}]},{"@type":"WebPage","@id":"https:\/\/listaluiedelweiss.ro\/index.php\/2025\/09\/17\/concluzii-dupa-lido-di-ostia\/","url":"https:\/\/listaluiedelweiss.ro\/index.php\/2025\/09\/17\/concluzii-dupa-lido-di-ostia\/","name":"Concluzii dup\u0103 Lido di Ostia - Lista lui Edelweiss","isPartOf":{"@id":"https:\/\/listaluiedelweiss.ro\/#website"},"primaryImageOfPage":{"@id":"https:\/\/listaluiedelweiss.ro\/index.php\/2025\/09\/17\/concluzii-dupa-lido-di-ostia\/#primaryimage"},"image":{"@id":"https:\/\/listaluiedelweiss.ro\/index.php\/2025\/09\/17\/concluzii-dupa-lido-di-ostia\/#primaryimage"},"thumbnailUrl":"https:\/\/listaluiedelweiss.ro\/wp-content\/uploads\/2025\/09\/IMG_20250913_120318684-scaled.jpg","datePublished":"2025-09-17T08:01:20+00:00","dateModified":"2025-09-17T08:04:46+00:00","breadcrumb":{"@id":"https:\/\/listaluiedelweiss.ro\/index.php\/2025\/09\/17\/concluzii-dupa-lido-di-ostia\/#breadcrumb"},"inLanguage":"ro-RO","potentialAction":[{"@type":"ReadAction","target":["https:\/\/listaluiedelweiss.ro\/index.php\/2025\/09\/17\/concluzii-dupa-lido-di-ostia\/"]}]},{"@type":"ImageObject","inLanguage":"ro-RO","@id":"https:\/\/listaluiedelweiss.ro\/index.php\/2025\/09\/17\/concluzii-dupa-lido-di-ostia\/#primaryimage","url":"https:\/\/listaluiedelweiss.ro\/wp-content\/uploads\/2025\/09\/IMG_20250913_120318684-scaled.jpg","contentUrl":"https:\/\/listaluiedelweiss.ro\/wp-content\/uploads\/2025\/09\/IMG_20250913_120318684-scaled.jpg","width":2560,"height":1920},{"@type":"BreadcrumbList","@id":"https:\/\/listaluiedelweiss.ro\/index.php\/2025\/09\/17\/concluzii-dupa-lido-di-ostia\/#breadcrumb","itemListElement":[{"@type":"ListItem","position":1,"name":"Home","item":"https:\/\/listaluiedelweiss.ro\/"},{"@type":"ListItem","position":2,"name":"Concluzii dup\u0103 Lido di Ostia"}]},{"@type":"WebSite","@id":"https:\/\/listaluiedelweiss.ro\/#website","url":"https:\/\/listaluiedelweiss.ro\/","name":"Lista lui Edelweiss","description":"For truth, life, and heavy metal.","publisher":{"@id":"https:\/\/listaluiedelweiss.ro\/#\/schema\/person\/8cb7fb07445544ddf9ea8a880738937e"},"potentialAction":[{"@type":"SearchAction","target":{"@type":"EntryPoint","urlTemplate":"https:\/\/listaluiedelweiss.ro\/?s={search_term_string}"},"query-input":{"@type":"PropertyValueSpecification","valueRequired":true,"valueName":"search_term_string"}}],"inLanguage":"ro-RO"},{"@type":["Person","Organization"],"@id":"https:\/\/listaluiedelweiss.ro\/#\/schema\/person\/8cb7fb07445544ddf9ea8a880738937e","name":"Edelweiss","image":{"@type":"ImageObject","inLanguage":"ro-RO","@id":"https:\/\/secure.gravatar.com\/avatar\/edc47d38b4ff3b829e7d9c6bafbd137257ee3b0e2b1cd10e5732cf52c4ca059b?s=96&d=wavatar&r=g","url":"https:\/\/secure.gravatar.com\/avatar\/edc47d38b4ff3b829e7d9c6bafbd137257ee3b0e2b1cd10e5732cf52c4ca059b?s=96&d=wavatar&r=g","contentUrl":"https:\/\/secure.gravatar.com\/avatar\/edc47d38b4ff3b829e7d9c6bafbd137257ee3b0e2b1cd10e5732cf52c4ca059b?s=96&d=wavatar&r=g","caption":"Edelweiss"},"logo":{"@id":"https:\/\/secure.gravatar.com\/avatar\/edc47d38b4ff3b829e7d9c6bafbd137257ee3b0e2b1cd10e5732cf52c4ca059b?s=96&d=wavatar&r=g"},"sameAs":["https:\/\/listaluiedelweiss.ro","https:\/\/www.facebook.com\/profile.php?id=61573060528727","https:\/\/www.youtube.com\/@Edelweiss74"],"url":"https:\/\/listaluiedelweiss.ro\/index.php\/author\/admin_cm1eo3dr\/"}]}},"jetpack_featured_media_url":"https:\/\/listaluiedelweiss.ro\/wp-content\/uploads\/2025\/09\/IMG_20250913_120318684-scaled.jpg","jetpack_sharing_enabled":true,"_links":{"self":[{"href":"https:\/\/listaluiedelweiss.ro\/index.php\/wp-json\/wp\/v2\/posts\/5884","targetHints":{"allow":["GET"]}}],"collection":[{"href":"https:\/\/listaluiedelweiss.ro\/index.php\/wp-json\/wp\/v2\/posts"}],"about":[{"href":"https:\/\/listaluiedelweiss.ro\/index.php\/wp-json\/wp\/v2\/types\/post"}],"author":[{"embeddable":true,"href":"https:\/\/listaluiedelweiss.ro\/index.php\/wp-json\/wp\/v2\/users\/1"}],"replies":[{"embeddable":true,"href":"https:\/\/listaluiedelweiss.ro\/index.php\/wp-json\/wp\/v2\/comments?post=5884"}],"version-history":[{"count":13,"href":"https:\/\/listaluiedelweiss.ro\/index.php\/wp-json\/wp\/v2\/posts\/5884\/revisions"}],"predecessor-version":[{"id":5898,"href":"https:\/\/listaluiedelweiss.ro\/index.php\/wp-json\/wp\/v2\/posts\/5884\/revisions\/5898"}],"wp:featuredmedia":[{"embeddable":true,"href":"https:\/\/listaluiedelweiss.ro\/index.php\/wp-json\/wp\/v2\/media\/5885"}],"wp:attachment":[{"href":"https:\/\/listaluiedelweiss.ro\/index.php\/wp-json\/wp\/v2\/media?parent=5884"}],"wp:term":[{"taxonomy":"category","embeddable":true,"href":"https:\/\/listaluiedelweiss.ro\/index.php\/wp-json\/wp\/v2\/categories?post=5884"},{"taxonomy":"post_tag","embeddable":true,"href":"https:\/\/listaluiedelweiss.ro\/index.php\/wp-json\/wp\/v2\/tags?post=5884"}],"curies":[{"name":"wp","href":"https:\/\/api.w.org\/{rel}","templated":true}]}}