{"id":5762,"date":"2025-09-02T08:31:39","date_gmt":"2025-09-02T05:31:39","guid":{"rendered":"https:\/\/listaluiedelweiss.ro\/?p=5762"},"modified":"2025-09-02T08:31:39","modified_gmt":"2025-09-02T05:31:39","slug":"ami-pare-rau-la-doamne-domnite-si-unii-domni","status":"publish","type":"post","link":"https:\/\/listaluiedelweiss.ro\/index.php\/2025\/09\/02\/ami-pare-rau-la-doamne-domnite-si-unii-domni\/","title":{"rendered":"\u00c2mi pare r\u0103u la doamne, domni\u021be \u0219i unii domni"},"content":{"rendered":"<p data-start=\"413\" data-end=\"701\">Am comis-o glorios cu informa\u021bia legat\u0103 de Clooj, mul\u021bumit\u0103 celor de la spotmedia \u0219i, mai ales, felului meu coleric de a m\u0103 repezi la tastatur\u0103. Rezultatul: o interpretare gre\u0219it\u0103 despre motivele pentru care doi cet\u0103\u021beni rom\u00e2ni, de alt\u0103 etnie, au b\u0103tut ni\u0219te imigran\u021bi de aceea\u0219i etnie.<\/p>\n<p data-start=\"703\" data-end=\"738\">Deci da, e cazul s\u0103-mi cer scuze.<\/p>\n<p data-start=\"775\" data-end=\"847\">Gre\u0219elile de genul \u0103sta sunt foarte scuzabile. Cel pu\u021bin \u00een cazul meu:<\/p>\n<ul data-start=\"848\" data-end=\"1074\">\n<li data-start=\"848\" data-end=\"905\">\n<p data-start=\"850\" data-end=\"905\">nu am timp s\u0103 verific informa\u021bia din mai multe surse,<\/p>\n<\/li>\n<li data-start=\"906\" data-end=\"1011\">\n<p data-start=\"908\" data-end=\"1011\">nu sunt jurnalist, slav\u0103 zeilor, c\u0103 altfel a\u0219 avea coloana alc\u0103tuit\u0103 din interese, nu din vertebre.<\/p>\n<\/li>\n<li data-start=\"1012\" data-end=\"1074\">\n<p data-start=\"1014\" data-end=\"1074\">nu sunt nici vreun blog\u0103r greu care d\u0103 lumin\u0103 corect\u0103 maselor.<\/p>\n<\/li>\n<\/ul>\n<p data-start=\"1076\" data-end=\"1217\">Sunt doar un nene care iube\u0219te rocul \u0219i care, \u00eentr-o zi, s-a g\u00e2ndit c\u0103 ar fi o idee bun\u0103 s\u0103 pl\u0103teasc\u0103 un domeniu, ca s\u0103 aib\u0103 un loc al lui unde s\u0103 scrie despre el. Nu ca al\u021bi s\u0103raki \ud83d\ude02\ud83d\ude02\ud83d\ude02. Din nefericire pentru voi, nenele \u0103sta s-a g\u00e2ndit c\u0103 ar fi o idee bun\u0103 s\u0103 abordeze \u0219i alte subiecte. Nasol, ce s\u0103 zic, citi\u021bi aici pe proprie r\u0103spundere.<\/p>\n<p data-start=\"1249\" data-end=\"1483\">Dac\u0103 v\u0103 imagina\u021bi c\u0103 de acum \u00eenainte nu o s\u0103 mai livrez informa\u021bii trunchiate, inexacte \u0219i 1000% subiective\u2026 v\u0103 \u00een\u0219ela\u021bi amarnic.<br data-start=\"1378\" data-end=\"1381\" \/>Diferen\u021ba e c\u0103 atunci c\u00e2nd o dau de gard \u0219i m\u0103 trage\u021bi de m\u00e2nec\u0103, o s\u0103-mi cer scuze aproape sincere:<\/p>\n<ul data-start=\"1484\" data-end=\"1542\">\n<li data-start=\"1484\" data-end=\"1506\">\n<p data-start=\"1486\" data-end=\"1506\">70% p\u0103reri de r\u0103u,<\/p>\n<\/li>\n<li data-start=\"1507\" data-end=\"1542\">\n<p data-start=\"1509\" data-end=\"1542\">30% ciud\u0103 c\u0103 a trebuit s-o fac.<\/p>\n<\/li>\n<\/ul>\n<h3 data-start=\"1544\" data-end=\"1554\"><em>P.S.<\/em><\/h3>\n<p data-start=\"1555\" data-end=\"1746\">A\u021bi observat c\u0103 ziari\u0219tii, blog\u0103rii grei, politicienii \u0219i oamenii, \u00een general, au o problem\u0103 s\u0103 recunoasc\u0103 c\u0103 au gre\u0219it, atunci c\u00e2nd comit o dud\u0103?<br data-start=\"1687\" data-end=\"1690\" \/>Ei bine, fr\u0103\u021bioru\u2019 vostru n-are ap\u0103s\u0103ri de genul \u0103sta, le comit, m\u0103 scuz, de fiecare dat\u0103, aproape sincer.<\/p>\n","protected":false},"excerpt":{"rendered":"<p>Am comis-o glorios cu informa\u021bia legat\u0103 de Clooj, mul\u021bumit\u0103 celor de la spotmedia \u0219i, mai ales, felului meu coleric de a m\u0103 repezi la tastatur\u0103. Rezultatul: o interpretare gre\u0219it\u0103 despre motivele pentru care doi cet\u0103\u021beni rom\u00e2ni, de alt\u0103 etnie, au b\u0103tut ni\u0219te imigran\u021bi de aceea\u0219i etnie. Deci da, e cazul s\u0103-mi cer scuze. Gre\u0219elile de&#8230;<\/p>\n","protected":false},"author":1,"featured_media":5765,"comment_status":"open","ping_status":"open","sticky":false,"template":"","format":"standard","meta":{"jetpack_post_was_ever_published":false,"_jetpack_newsletter_access":"","_jetpack_dont_email_post_to_subs":false,"_jetpack_newsletter_tier_id":0,"_jetpack_memberships_contains_paywalled_content":false,"_jetpack_memberships_contains_paid_content":false,"footnotes":""},"categories":[1],"tags":[],"class_list":["post-5762","post","type-post","status-publish","format-standard","has-post-thumbnail","hentry","category-uncategorized"],"yoast_head":"<!-- This site is optimized with the Yoast SEO plugin v27.4 - https:\/\/yoast.com\/product\/yoast-seo-wordpress\/ -->\n<title>\u00c2mi pare r\u0103u la doamne, domni\u021be \u0219i unii domni - Lista lui Edelweiss<\/title>\n<meta name=\"robots\" content=\"index, follow, max-snippet:-1, max-image-preview:large, max-video-preview:-1\" \/>\n<link rel=\"canonical\" href=\"https:\/\/listaluiedelweiss.ro\/index.php\/2025\/09\/02\/ami-pare-rau-la-doamne-domnite-si-unii-domni\/\" \/>\n<meta property=\"og:locale\" content=\"ro_RO\" \/>\n<meta property=\"og:type\" content=\"article\" \/>\n<meta property=\"og:title\" content=\"\u00c2mi pare r\u0103u la doamne, domni\u021be \u0219i unii domni - Lista lui Edelweiss\" \/>\n<meta property=\"og:description\" content=\"Am comis-o glorios cu informa\u021bia legat\u0103 de Clooj, mul\u021bumit\u0103 celor de la spotmedia \u0219i, mai ales, felului meu coleric de a m\u0103 repezi la tastatur\u0103. Rezultatul: o interpretare gre\u0219it\u0103 despre motivele pentru care doi cet\u0103\u021beni rom\u00e2ni, de alt\u0103 etnie, au b\u0103tut ni\u0219te imigran\u021bi de aceea\u0219i etnie. Deci da, e cazul s\u0103-mi cer scuze. Gre\u0219elile de...\" \/>\n<meta property=\"og:url\" content=\"https:\/\/listaluiedelweiss.ro\/index.php\/2025\/09\/02\/ami-pare-rau-la-doamne-domnite-si-unii-domni\/\" \/>\n<meta property=\"og:site_name\" content=\"Lista lui Edelweiss\" \/>\n<meta property=\"article:publisher\" content=\"https:\/\/www.facebook.com\/profile.php?id=61573060528727\" \/>\n<meta property=\"article:author\" content=\"https:\/\/www.facebook.com\/profile.php?id=61573060528727\" \/>\n<meta property=\"article:published_time\" content=\"2025-09-02T05:31:39+00:00\" \/>\n<meta property=\"og:image\" content=\"https:\/\/listaluiedelweiss.ro\/wp-content\/uploads\/2025\/09\/Imi-pare-rau.jpg\" \/>\n\t<meta property=\"og:image:width\" content=\"800\" \/>\n\t<meta property=\"og:image:height\" content=\"416\" \/>\n\t<meta property=\"og:image:type\" content=\"image\/jpeg\" \/>\n<meta name=\"author\" content=\"Edelweiss\" \/>\n<meta name=\"twitter:card\" content=\"summary_large_image\" \/>\n<meta name=\"twitter:label1\" content=\"Scris de\" \/>\n\t<meta name=\"twitter:data1\" content=\"Edelweiss\" \/>\n\t<meta name=\"twitter:label2\" content=\"Timp estimat pentru citire\" \/>\n\t<meta name=\"twitter:data2\" content=\"2 minute\" \/>\n<script type=\"application\/ld+json\" class=\"yoast-schema-graph\">{\"@context\":\"https:\\\/\\\/schema.org\",\"@graph\":[{\"@type\":\"Article\",\"@id\":\"https:\\\/\\\/listaluiedelweiss.ro\\\/index.php\\\/2025\\\/09\\\/02\\\/ami-pare-rau-la-doamne-domnite-si-unii-domni\\\/#article\",\"isPartOf\":{\"@id\":\"https:\\\/\\\/listaluiedelweiss.ro\\\/index.php\\\/2025\\\/09\\\/02\\\/ami-pare-rau-la-doamne-domnite-si-unii-domni\\\/\"},\"author\":{\"name\":\"Edelweiss\",\"@id\":\"https:\\\/\\\/listaluiedelweiss.ro\\\/#\\\/schema\\\/person\\\/8cb7fb07445544ddf9ea8a880738937e\"},\"headline\":\"\u00c2mi pare r\u0103u la doamne, domni\u021be \u0219i unii domni\",\"datePublished\":\"2025-09-02T05:31:39+00:00\",\"mainEntityOfPage\":{\"@id\":\"https:\\\/\\\/listaluiedelweiss.ro\\\/index.php\\\/2025\\\/09\\\/02\\\/ami-pare-rau-la-doamne-domnite-si-unii-domni\\\/\"},\"wordCount\":315,\"commentCount\":15,\"publisher\":{\"@id\":\"https:\\\/\\\/listaluiedelweiss.ro\\\/#\\\/schema\\\/person\\\/8cb7fb07445544ddf9ea8a880738937e\"},\"image\":{\"@id\":\"https:\\\/\\\/listaluiedelweiss.ro\\\/index.php\\\/2025\\\/09\\\/02\\\/ami-pare-rau-la-doamne-domnite-si-unii-domni\\\/#primaryimage\"},\"thumbnailUrl\":\"https:\\\/\\\/listaluiedelweiss.ro\\\/wp-content\\\/uploads\\\/2025\\\/09\\\/Imi-pare-rau.jpg\",\"articleSection\":[\"Uncategorized\"],\"inLanguage\":\"ro-RO\",\"potentialAction\":[{\"@type\":\"CommentAction\",\"name\":\"Comment\",\"target\":[\"https:\\\/\\\/listaluiedelweiss.ro\\\/index.php\\\/2025\\\/09\\\/02\\\/ami-pare-rau-la-doamne-domnite-si-unii-domni\\\/#respond\"]}]},{\"@type\":\"WebPage\",\"@id\":\"https:\\\/\\\/listaluiedelweiss.ro\\\/index.php\\\/2025\\\/09\\\/02\\\/ami-pare-rau-la-doamne-domnite-si-unii-domni\\\/\",\"url\":\"https:\\\/\\\/listaluiedelweiss.ro\\\/index.php\\\/2025\\\/09\\\/02\\\/ami-pare-rau-la-doamne-domnite-si-unii-domni\\\/\",\"name\":\"\u00c2mi pare r\u0103u la doamne, domni\u021be \u0219i unii domni - Lista lui Edelweiss\",\"isPartOf\":{\"@id\":\"https:\\\/\\\/listaluiedelweiss.ro\\\/#website\"},\"primaryImageOfPage\":{\"@id\":\"https:\\\/\\\/listaluiedelweiss.ro\\\/index.php\\\/2025\\\/09\\\/02\\\/ami-pare-rau-la-doamne-domnite-si-unii-domni\\\/#primaryimage\"},\"image\":{\"@id\":\"https:\\\/\\\/listaluiedelweiss.ro\\\/index.php\\\/2025\\\/09\\\/02\\\/ami-pare-rau-la-doamne-domnite-si-unii-domni\\\/#primaryimage\"},\"thumbnailUrl\":\"https:\\\/\\\/listaluiedelweiss.ro\\\/wp-content\\\/uploads\\\/2025\\\/09\\\/Imi-pare-rau.jpg\",\"datePublished\":\"2025-09-02T05:31:39+00:00\",\"breadcrumb\":{\"@id\":\"https:\\\/\\\/listaluiedelweiss.ro\\\/index.php\\\/2025\\\/09\\\/02\\\/ami-pare-rau-la-doamne-domnite-si-unii-domni\\\/#breadcrumb\"},\"inLanguage\":\"ro-RO\",\"potentialAction\":[{\"@type\":\"ReadAction\",\"target\":[\"https:\\\/\\\/listaluiedelweiss.ro\\\/index.php\\\/2025\\\/09\\\/02\\\/ami-pare-rau-la-doamne-domnite-si-unii-domni\\\/\"]}]},{\"@type\":\"ImageObject\",\"inLanguage\":\"ro-RO\",\"@id\":\"https:\\\/\\\/listaluiedelweiss.ro\\\/index.php\\\/2025\\\/09\\\/02\\\/ami-pare-rau-la-doamne-domnite-si-unii-domni\\\/#primaryimage\",\"url\":\"https:\\\/\\\/listaluiedelweiss.ro\\\/wp-content\\\/uploads\\\/2025\\\/09\\\/Imi-pare-rau.jpg\",\"contentUrl\":\"https:\\\/\\\/listaluiedelweiss.ro\\\/wp-content\\\/uploads\\\/2025\\\/09\\\/Imi-pare-rau.jpg\",\"width\":800,\"height\":416},{\"@type\":\"BreadcrumbList\",\"@id\":\"https:\\\/\\\/listaluiedelweiss.ro\\\/index.php\\\/2025\\\/09\\\/02\\\/ami-pare-rau-la-doamne-domnite-si-unii-domni\\\/#breadcrumb\",\"itemListElement\":[{\"@type\":\"ListItem\",\"position\":1,\"name\":\"Home\",\"item\":\"https:\\\/\\\/listaluiedelweiss.ro\\\/\"},{\"@type\":\"ListItem\",\"position\":2,\"name\":\"\u00c2mi pare r\u0103u la doamne, domni\u021be \u0219i unii domni\"}]},{\"@type\":\"WebSite\",\"@id\":\"https:\\\/\\\/listaluiedelweiss.ro\\\/#website\",\"url\":\"https:\\\/\\\/listaluiedelweiss.ro\\\/\",\"name\":\"Lista lui Edelweiss\",\"description\":\"For truth, life, and heavy metal.\",\"publisher\":{\"@id\":\"https:\\\/\\\/listaluiedelweiss.ro\\\/#\\\/schema\\\/person\\\/8cb7fb07445544ddf9ea8a880738937e\"},\"potentialAction\":[{\"@type\":\"SearchAction\",\"target\":{\"@type\":\"EntryPoint\",\"urlTemplate\":\"https:\\\/\\\/listaluiedelweiss.ro\\\/?s={search_term_string}\"},\"query-input\":{\"@type\":\"PropertyValueSpecification\",\"valueRequired\":true,\"valueName\":\"search_term_string\"}}],\"inLanguage\":\"ro-RO\"},{\"@type\":[\"Person\",\"Organization\"],\"@id\":\"https:\\\/\\\/listaluiedelweiss.ro\\\/#\\\/schema\\\/person\\\/8cb7fb07445544ddf9ea8a880738937e\",\"name\":\"Edelweiss\",\"image\":{\"@type\":\"ImageObject\",\"inLanguage\":\"ro-RO\",\"@id\":\"https:\\\/\\\/secure.gravatar.com\\\/avatar\\\/edc47d38b4ff3b829e7d9c6bafbd137257ee3b0e2b1cd10e5732cf52c4ca059b?s=96&d=wavatar&r=g\",\"url\":\"https:\\\/\\\/secure.gravatar.com\\\/avatar\\\/edc47d38b4ff3b829e7d9c6bafbd137257ee3b0e2b1cd10e5732cf52c4ca059b?s=96&d=wavatar&r=g\",\"contentUrl\":\"https:\\\/\\\/secure.gravatar.com\\\/avatar\\\/edc47d38b4ff3b829e7d9c6bafbd137257ee3b0e2b1cd10e5732cf52c4ca059b?s=96&d=wavatar&r=g\",\"caption\":\"Edelweiss\"},\"logo\":{\"@id\":\"https:\\\/\\\/secure.gravatar.com\\\/avatar\\\/edc47d38b4ff3b829e7d9c6bafbd137257ee3b0e2b1cd10e5732cf52c4ca059b?s=96&d=wavatar&r=g\"},\"sameAs\":[\"https:\\\/\\\/listaluiedelweiss.ro\",\"https:\\\/\\\/www.facebook.com\\\/profile.php?id=61573060528727\",\"https:\\\/\\\/www.youtube.com\\\/@Edelweiss74\"],\"url\":\"https:\\\/\\\/listaluiedelweiss.ro\\\/index.php\\\/author\\\/admin_cm1eo3dr\\\/\"}]}<\/script>\n<!-- \/ Yoast SEO plugin. -->","yoast_head_json":{"title":"\u00c2mi pare r\u0103u la doamne, domni\u021be \u0219i unii domni - Lista lui Edelweiss","robots":{"index":"index","follow":"follow","max-snippet":"max-snippet:-1","max-image-preview":"max-image-preview:large","max-video-preview":"max-video-preview:-1"},"canonical":"https:\/\/listaluiedelweiss.ro\/index.php\/2025\/09\/02\/ami-pare-rau-la-doamne-domnite-si-unii-domni\/","og_locale":"ro_RO","og_type":"article","og_title":"\u00c2mi pare r\u0103u la doamne, domni\u021be \u0219i unii domni - Lista lui Edelweiss","og_description":"Am comis-o glorios cu informa\u021bia legat\u0103 de Clooj, mul\u021bumit\u0103 celor de la spotmedia \u0219i, mai ales, felului meu coleric de a m\u0103 repezi la tastatur\u0103. Rezultatul: o interpretare gre\u0219it\u0103 despre motivele pentru care doi cet\u0103\u021beni rom\u00e2ni, de alt\u0103 etnie, au b\u0103tut ni\u0219te imigran\u021bi de aceea\u0219i etnie. Deci da, e cazul s\u0103-mi cer scuze. Gre\u0219elile de...","og_url":"https:\/\/listaluiedelweiss.ro\/index.php\/2025\/09\/02\/ami-pare-rau-la-doamne-domnite-si-unii-domni\/","og_site_name":"Lista lui Edelweiss","article_publisher":"https:\/\/www.facebook.com\/profile.php?id=61573060528727","article_author":"https:\/\/www.facebook.com\/profile.php?id=61573060528727","article_published_time":"2025-09-02T05:31:39+00:00","og_image":[{"width":800,"height":416,"url":"https:\/\/listaluiedelweiss.ro\/wp-content\/uploads\/2025\/09\/Imi-pare-rau.jpg","type":"image\/jpeg"}],"author":"Edelweiss","twitter_card":"summary_large_image","twitter_misc":{"Scris de":"Edelweiss","Timp estimat pentru citire":"2 minute"},"schema":{"@context":"https:\/\/schema.org","@graph":[{"@type":"Article","@id":"https:\/\/listaluiedelweiss.ro\/index.php\/2025\/09\/02\/ami-pare-rau-la-doamne-domnite-si-unii-domni\/#article","isPartOf":{"@id":"https:\/\/listaluiedelweiss.ro\/index.php\/2025\/09\/02\/ami-pare-rau-la-doamne-domnite-si-unii-domni\/"},"author":{"name":"Edelweiss","@id":"https:\/\/listaluiedelweiss.ro\/#\/schema\/person\/8cb7fb07445544ddf9ea8a880738937e"},"headline":"\u00c2mi pare r\u0103u la doamne, domni\u021be \u0219i unii domni","datePublished":"2025-09-02T05:31:39+00:00","mainEntityOfPage":{"@id":"https:\/\/listaluiedelweiss.ro\/index.php\/2025\/09\/02\/ami-pare-rau-la-doamne-domnite-si-unii-domni\/"},"wordCount":315,"commentCount":15,"publisher":{"@id":"https:\/\/listaluiedelweiss.ro\/#\/schema\/person\/8cb7fb07445544ddf9ea8a880738937e"},"image":{"@id":"https:\/\/listaluiedelweiss.ro\/index.php\/2025\/09\/02\/ami-pare-rau-la-doamne-domnite-si-unii-domni\/#primaryimage"},"thumbnailUrl":"https:\/\/listaluiedelweiss.ro\/wp-content\/uploads\/2025\/09\/Imi-pare-rau.jpg","articleSection":["Uncategorized"],"inLanguage":"ro-RO","potentialAction":[{"@type":"CommentAction","name":"Comment","target":["https:\/\/listaluiedelweiss.ro\/index.php\/2025\/09\/02\/ami-pare-rau-la-doamne-domnite-si-unii-domni\/#respond"]}]},{"@type":"WebPage","@id":"https:\/\/listaluiedelweiss.ro\/index.php\/2025\/09\/02\/ami-pare-rau-la-doamne-domnite-si-unii-domni\/","url":"https:\/\/listaluiedelweiss.ro\/index.php\/2025\/09\/02\/ami-pare-rau-la-doamne-domnite-si-unii-domni\/","name":"\u00c2mi pare r\u0103u la doamne, domni\u021be \u0219i unii domni - Lista lui Edelweiss","isPartOf":{"@id":"https:\/\/listaluiedelweiss.ro\/#website"},"primaryImageOfPage":{"@id":"https:\/\/listaluiedelweiss.ro\/index.php\/2025\/09\/02\/ami-pare-rau-la-doamne-domnite-si-unii-domni\/#primaryimage"},"image":{"@id":"https:\/\/listaluiedelweiss.ro\/index.php\/2025\/09\/02\/ami-pare-rau-la-doamne-domnite-si-unii-domni\/#primaryimage"},"thumbnailUrl":"https:\/\/listaluiedelweiss.ro\/wp-content\/uploads\/2025\/09\/Imi-pare-rau.jpg","datePublished":"2025-09-02T05:31:39+00:00","breadcrumb":{"@id":"https:\/\/listaluiedelweiss.ro\/index.php\/2025\/09\/02\/ami-pare-rau-la-doamne-domnite-si-unii-domni\/#breadcrumb"},"inLanguage":"ro-RO","potentialAction":[{"@type":"ReadAction","target":["https:\/\/listaluiedelweiss.ro\/index.php\/2025\/09\/02\/ami-pare-rau-la-doamne-domnite-si-unii-domni\/"]}]},{"@type":"ImageObject","inLanguage":"ro-RO","@id":"https:\/\/listaluiedelweiss.ro\/index.php\/2025\/09\/02\/ami-pare-rau-la-doamne-domnite-si-unii-domni\/#primaryimage","url":"https:\/\/listaluiedelweiss.ro\/wp-content\/uploads\/2025\/09\/Imi-pare-rau.jpg","contentUrl":"https:\/\/listaluiedelweiss.ro\/wp-content\/uploads\/2025\/09\/Imi-pare-rau.jpg","width":800,"height":416},{"@type":"BreadcrumbList","@id":"https:\/\/listaluiedelweiss.ro\/index.php\/2025\/09\/02\/ami-pare-rau-la-doamne-domnite-si-unii-domni\/#breadcrumb","itemListElement":[{"@type":"ListItem","position":1,"name":"Home","item":"https:\/\/listaluiedelweiss.ro\/"},{"@type":"ListItem","position":2,"name":"\u00c2mi pare r\u0103u la doamne, domni\u021be \u0219i unii domni"}]},{"@type":"WebSite","@id":"https:\/\/listaluiedelweiss.ro\/#website","url":"https:\/\/listaluiedelweiss.ro\/","name":"Lista lui Edelweiss","description":"For truth, life, and heavy metal.","publisher":{"@id":"https:\/\/listaluiedelweiss.ro\/#\/schema\/person\/8cb7fb07445544ddf9ea8a880738937e"},"potentialAction":[{"@type":"SearchAction","target":{"@type":"EntryPoint","urlTemplate":"https:\/\/listaluiedelweiss.ro\/?s={search_term_string}"},"query-input":{"@type":"PropertyValueSpecification","valueRequired":true,"valueName":"search_term_string"}}],"inLanguage":"ro-RO"},{"@type":["Person","Organization"],"@id":"https:\/\/listaluiedelweiss.ro\/#\/schema\/person\/8cb7fb07445544ddf9ea8a880738937e","name":"Edelweiss","image":{"@type":"ImageObject","inLanguage":"ro-RO","@id":"https:\/\/secure.gravatar.com\/avatar\/edc47d38b4ff3b829e7d9c6bafbd137257ee3b0e2b1cd10e5732cf52c4ca059b?s=96&d=wavatar&r=g","url":"https:\/\/secure.gravatar.com\/avatar\/edc47d38b4ff3b829e7d9c6bafbd137257ee3b0e2b1cd10e5732cf52c4ca059b?s=96&d=wavatar&r=g","contentUrl":"https:\/\/secure.gravatar.com\/avatar\/edc47d38b4ff3b829e7d9c6bafbd137257ee3b0e2b1cd10e5732cf52c4ca059b?s=96&d=wavatar&r=g","caption":"Edelweiss"},"logo":{"@id":"https:\/\/secure.gravatar.com\/avatar\/edc47d38b4ff3b829e7d9c6bafbd137257ee3b0e2b1cd10e5732cf52c4ca059b?s=96&d=wavatar&r=g"},"sameAs":["https:\/\/listaluiedelweiss.ro","https:\/\/www.facebook.com\/profile.php?id=61573060528727","https:\/\/www.youtube.com\/@Edelweiss74"],"url":"https:\/\/listaluiedelweiss.ro\/index.php\/author\/admin_cm1eo3dr\/"}]}},"jetpack_featured_media_url":"https:\/\/listaluiedelweiss.ro\/wp-content\/uploads\/2025\/09\/Imi-pare-rau.jpg","jetpack_sharing_enabled":true,"_links":{"self":[{"href":"https:\/\/listaluiedelweiss.ro\/index.php\/wp-json\/wp\/v2\/posts\/5762","targetHints":{"allow":["GET"]}}],"collection":[{"href":"https:\/\/listaluiedelweiss.ro\/index.php\/wp-json\/wp\/v2\/posts"}],"about":[{"href":"https:\/\/listaluiedelweiss.ro\/index.php\/wp-json\/wp\/v2\/types\/post"}],"author":[{"embeddable":true,"href":"https:\/\/listaluiedelweiss.ro\/index.php\/wp-json\/wp\/v2\/users\/1"}],"replies":[{"embeddable":true,"href":"https:\/\/listaluiedelweiss.ro\/index.php\/wp-json\/wp\/v2\/comments?post=5762"}],"version-history":[{"count":5,"href":"https:\/\/listaluiedelweiss.ro\/index.php\/wp-json\/wp\/v2\/posts\/5762\/revisions"}],"predecessor-version":[{"id":5768,"href":"https:\/\/listaluiedelweiss.ro\/index.php\/wp-json\/wp\/v2\/posts\/5762\/revisions\/5768"}],"wp:featuredmedia":[{"embeddable":true,"href":"https:\/\/listaluiedelweiss.ro\/index.php\/wp-json\/wp\/v2\/media\/5765"}],"wp:attachment":[{"href":"https:\/\/listaluiedelweiss.ro\/index.php\/wp-json\/wp\/v2\/media?parent=5762"}],"wp:term":[{"taxonomy":"category","embeddable":true,"href":"https:\/\/listaluiedelweiss.ro\/index.php\/wp-json\/wp\/v2\/categories?post=5762"},{"taxonomy":"post_tag","embeddable":true,"href":"https:\/\/listaluiedelweiss.ro\/index.php\/wp-json\/wp\/v2\/tags?post=5762"}],"curies":[{"name":"wp","href":"https:\/\/api.w.org\/{rel}","templated":true}]}}