{"id":397,"date":"2024-08-29T09:57:38","date_gmt":"2024-08-29T06:57:38","guid":{"rendered":"https:\/\/listaluiedelweiss.ro\/?p=397"},"modified":"2024-08-29T09:59:07","modified_gmt":"2024-08-29T06:59:07","slug":"13-septembrie-2024-sfarsitul-unei-ere","status":"publish","type":"post","link":"https:\/\/listaluiedelweiss.ro\/index.php\/2024\/08\/29\/13-septembrie-2024-sfarsitul-unei-ere\/","title":{"rendered":"13 septembrie 2024, sf\u00e2r\u0219itul unei ere"},"content":{"rendered":"<p>N<span style=\"color: #000000;\">u \u0219tiu c\u00e2\u021bi dintre voi a\u021bi urm\u0103rit de-a lungul anilor show-ul Top Gear al celor de la BBC, prezentat magistral de c\u0103tre<\/span> <em><strong><span style=\"color: #ff0000;\"><a style=\"color: #ff0000;\" href=\"https:\/\/en.wikipedia.org\/wiki\/Jeremy_Clarkson\" target=\"_blank\" rel=\"noopener\">Jeremy Clarkson<\/a>,\u00a0<a style=\"color: #ff0000;\" href=\"https:\/\/en.wikipedia.org\/wiki\/Richard_Hammond\" target=\"_blank\" rel=\"noopener\">Richard Hammond<\/a>,\u00a0<\/span><\/strong><\/em><a href=\"https:\/\/en.wikipedia.org\/wiki\/James_May\" target=\"_blank\" rel=\"noopener\"><em><strong><span style=\"color: #ff0000;\">James May<\/span><\/strong><\/em><\/a>, <span style=\"color: #000000;\">\u00eencep\u00e2nd cu anul 2002. Dup\u0103 ce s-au p\u0103ruit cu produc\u0103torii de la BBC, de fapt<\/span>\u00a0<em><strong><span style=\"color: #ff0000;\"><a style=\"color: #ff0000;\" href=\"https:\/\/www.dailymail.co.uk\/news\/article-8809861\/Jeremy-Clarkson-punched-producer-huge-pressure-says-star-James-May.html\" target=\"_blank\" rel=\"noopener\">Clarkson<\/a><\/span><\/strong><\/em> <span style=\"color: #000000;\">a fost cel care a decis c\u0103 lovirea unuia dintre produc\u0103tori este o idee excelent\u0103, \u0219i pe care, f\u0103r\u0103 s\u0103 stea prea mult pe g\u00e2nduri, a pus-o imediat \u00een aplicare, nu prea a mai fost loc de r\u0103mas \u00een zon\u0103.<\/span><\/p>\n<p><span style=\"color: #000000;\">Prieteni extrem de buni \u00een via\u021ba real\u0103, Hammond , Jeremy, May, au ales s\u0103 demisioneze to\u021bi de la BBC \u0219i s\u0103 o ia de la cap\u0103t \u00een 2016 pe Amazon Prime, cu un nou format numit,<\/span><span style=\"color: #ff0000;\"><em><strong> <a style=\"color: #ff0000;\" href=\"https:\/\/youtu.be\/kLtpcxtk4HI?si=Yhyd0lRyOvuSQ6N8\" target=\"_blank\" rel=\"noopener\">The Grand Tour.<\/a><\/strong><\/em><\/span><\/p>\n<p><span style=\"color: #000000;\">Declara\u021bii de<\/span> <em><strong><span style=\"color: #ff0000;\"><a style=\"color: #ff0000;\" href=\"https:\/\/en.wikipedia.org\/wiki\/Top_Gear_controversies\" target=\"_blank\" rel=\"noopener\">genul<\/a><\/span><\/strong><\/em>, <span style=\"color: #000000;\">Daihatsu Copen are un design cam gay, Mini Cooper dup\u0103 preluarea de c\u0103tre BMW ar trebui s\u0103 aib\u0103 pe semnalizatoare cu salutul nazist sau c\u0103 prima chestie care o faci c\u00e2nd ajungi \u00een India, nu este despachetatul, este construirea unei latrine pentru multiplele accese de diaree de care o s\u0103 ai parte \u00een cur\u00e2nd, nu \u00ee\u0219i mai au locul \u00een lumea de ast\u0103zi, at\u00e2t de corect\u0103 \u00een a cenzura chestii, \u00een loc de rezolva problemele alea.<\/span><\/p>\n<p><span style=\"color: #000000;\">Nici gr\u0103dina m\u0103icu\u021bei domnului nu a sc\u0103pat limbajul acid al englezilor, fiind etichetat\u0103 ca patria lui Borat sau ca \u021binutul \u021biganilor. Nu am \u00een\u021beles nici atunci a\u0219a cum nu \u00een\u021beleg nici acum de ce se inflameaz\u0103 lumea c\u00e2nd se dau declara\u021bii de genul, mai ales c\u00e2nd realitatea sus\u021bine asta.<\/span><\/p>\n<p><span style=\"color: #000000;\">Anun\u021bul c\u0103 pe 13 septembrie se va difuza ultimul episod din<\/span> <em><strong><span style=\"color: #ff0000;\"><a style=\"color: #ff0000;\" href=\"https:\/\/youtu.be\/BfOxzIrSF1M?si=EKzF9JF8P0vuVEzU\" target=\"_blank\" rel=\"noopener\">Grand Tour <\/a><\/span><\/strong><\/em><span style=\"color: #000000;\">a fost ca o lovitur\u0103 de ciocan, nu doar pentru c\u0103 sunt martorul sf\u00e2r\u0219itului unei ere, dar mai ales c\u0103, brusc, am con\u0219tientizat, c\u0103 am f\u0103cut cincizeci de ani \u0219i o s\u0103 tr\u0103iesc mai mult sf\u00e2r\u0219ituri ca \u00eenceputuri.<\/span><\/p>\n<p><span style=\"color: #000000;\">Pe 13 septembrie, cu un Paulner f\u0103r\u0103 alcool a\u0219ezat l\u00e2ng\u0103 mine, cu inima grea \u0219i cu lacrimi \u00een col\u021bul ochilor, voi savura ultima c\u0103l\u0103torie al\u0103turi de Jeremy, Richard \u0219i Brian \u0219i la sf\u00e2r\u0219it dup\u0103 un <strong>MUL\u021aUMESC<\/strong>, voi \u00eencheia cu<\/span> <em><strong><span style=\"color: #ff0000;\"><a style=\"color: #ff0000;\" href=\"https:\/\/www.youtube.com\/watch?v=_KEN-cxmGw8\" target=\"_blank\" rel=\"noopener\">Fuck Electric Cars<\/a><\/span><\/strong><\/em>, <span style=\"color: #000000;\">nu ave\u021bi nimic interesant de oferit.<\/span><\/p>\n<p><span style=\"color: #000000;\">Capul sus \u0219i bucura\u021bi-v\u0103 de via\u021b\u0103, pentru c\u0103 ce s\u0103 vezi, sf\u00e2r\u0219itul chiar exist\u0103!<\/span><\/p>\n","protected":false},"excerpt":{"rendered":"<p>Nu \u0219tiu c\u00e2\u021bi dintre voi a\u021bi urm\u0103rit de-a lungul anilor show-ul Top Gear al celor de la BBC, prezentat magistral de c\u0103tre Jeremy Clarkson,\u00a0Richard Hammond,\u00a0James May, \u00eencep\u00e2nd cu anul 2002. Dup\u0103 ce s-au p\u0103ruit cu produc\u0103torii de la BBC, de fapt\u00a0Clarkson a fost cel care a decis c\u0103 lovirea unuia dintre produc\u0103tori este o idee&#8230;<\/p>\n","protected":false},"author":1,"featured_media":398,"comment_status":"open","ping_status":"open","sticky":false,"template":"","format":"standard","meta":{"jetpack_post_was_ever_published":false,"_jetpack_newsletter_access":"","_jetpack_dont_email_post_to_subs":false,"_jetpack_newsletter_tier_id":0,"_jetpack_memberships_contains_paywalled_content":false,"_jetpack_memberships_contains_paid_content":false,"footnotes":""},"categories":[1],"tags":[],"class_list":["post-397","post","type-post","status-publish","format-standard","has-post-thumbnail","hentry","category-uncategorized"],"yoast_head":"<!-- This site is optimized with the Yoast SEO plugin v27.4 - https:\/\/yoast.com\/product\/yoast-seo-wordpress\/ -->\n<title>13 septembrie 2024, sf\u00e2r\u0219itul unei ere - Lista lui Edelweiss<\/title>\n<meta name=\"robots\" content=\"index, follow, max-snippet:-1, max-image-preview:large, max-video-preview:-1\" \/>\n<link rel=\"canonical\" href=\"https:\/\/listaluiedelweiss.ro\/index.php\/2024\/08\/29\/13-septembrie-2024-sfarsitul-unei-ere\/\" \/>\n<meta property=\"og:locale\" content=\"ro_RO\" \/>\n<meta property=\"og:type\" content=\"article\" \/>\n<meta property=\"og:title\" content=\"13 septembrie 2024, sf\u00e2r\u0219itul unei ere - Lista lui Edelweiss\" \/>\n<meta property=\"og:description\" content=\"Nu \u0219tiu c\u00e2\u021bi dintre voi a\u021bi urm\u0103rit de-a lungul anilor show-ul Top Gear al celor de la BBC, prezentat magistral de c\u0103tre Jeremy Clarkson,\u00a0Richard Hammond,\u00a0James May, \u00eencep\u00e2nd cu anul 2002. Dup\u0103 ce s-au p\u0103ruit cu produc\u0103torii de la BBC, de fapt\u00a0Clarkson a fost cel care a decis c\u0103 lovirea unuia dintre produc\u0103tori este o idee...\" \/>\n<meta property=\"og:url\" content=\"https:\/\/listaluiedelweiss.ro\/index.php\/2024\/08\/29\/13-septembrie-2024-sfarsitul-unei-ere\/\" \/>\n<meta property=\"og:site_name\" content=\"Lista lui Edelweiss\" \/>\n<meta property=\"article:publisher\" content=\"https:\/\/www.facebook.com\/profile.php?id=61573060528727\" \/>\n<meta property=\"article:author\" content=\"https:\/\/www.facebook.com\/profile.php?id=61573060528727\" \/>\n<meta property=\"article:published_time\" content=\"2024-08-29T06:57:38+00:00\" \/>\n<meta property=\"article:modified_time\" content=\"2024-08-29T06:59:07+00:00\" \/>\n<meta property=\"og:image\" content=\"https:\/\/listaluiedelweiss.ro\/wp-content\/uploads\/2024\/08\/top_gear_season_16_hosts.webp\" \/>\n\t<meta property=\"og:image:width\" content=\"648\" \/>\n\t<meta property=\"og:image:height\" content=\"365\" \/>\n\t<meta property=\"og:image:type\" content=\"image\/webp\" \/>\n<meta name=\"author\" content=\"Edelweiss\" \/>\n<meta name=\"twitter:card\" content=\"summary_large_image\" \/>\n<meta name=\"twitter:label1\" content=\"Scris de\" \/>\n\t<meta name=\"twitter:data1\" content=\"Edelweiss\" \/>\n\t<meta name=\"twitter:label2\" content=\"Timp estimat pentru citire\" \/>\n\t<meta name=\"twitter:data2\" content=\"3 minute\" \/>\n<script type=\"application\/ld+json\" class=\"yoast-schema-graph\">{\"@context\":\"https:\\\/\\\/schema.org\",\"@graph\":[{\"@type\":\"Article\",\"@id\":\"https:\\\/\\\/listaluiedelweiss.ro\\\/index.php\\\/2024\\\/08\\\/29\\\/13-septembrie-2024-sfarsitul-unei-ere\\\/#article\",\"isPartOf\":{\"@id\":\"https:\\\/\\\/listaluiedelweiss.ro\\\/index.php\\\/2024\\\/08\\\/29\\\/13-septembrie-2024-sfarsitul-unei-ere\\\/\"},\"author\":{\"name\":\"Edelweiss\",\"@id\":\"https:\\\/\\\/listaluiedelweiss.ro\\\/#\\\/schema\\\/person\\\/8cb7fb07445544ddf9ea8a880738937e\"},\"headline\":\"13 septembrie 2024, sf\u00e2r\u0219itul unei ere\",\"datePublished\":\"2024-08-29T06:57:38+00:00\",\"dateModified\":\"2024-08-29T06:59:07+00:00\",\"mainEntityOfPage\":{\"@id\":\"https:\\\/\\\/listaluiedelweiss.ro\\\/index.php\\\/2024\\\/08\\\/29\\\/13-septembrie-2024-sfarsitul-unei-ere\\\/\"},\"wordCount\":418,\"commentCount\":17,\"publisher\":{\"@id\":\"https:\\\/\\\/listaluiedelweiss.ro\\\/#\\\/schema\\\/person\\\/8cb7fb07445544ddf9ea8a880738937e\"},\"image\":{\"@id\":\"https:\\\/\\\/listaluiedelweiss.ro\\\/index.php\\\/2024\\\/08\\\/29\\\/13-septembrie-2024-sfarsitul-unei-ere\\\/#primaryimage\"},\"thumbnailUrl\":\"https:\\\/\\\/listaluiedelweiss.ro\\\/wp-content\\\/uploads\\\/2024\\\/08\\\/top_gear_season_16_hosts.webp\",\"articleSection\":[\"Uncategorized\"],\"inLanguage\":\"ro-RO\",\"potentialAction\":[{\"@type\":\"CommentAction\",\"name\":\"Comment\",\"target\":[\"https:\\\/\\\/listaluiedelweiss.ro\\\/index.php\\\/2024\\\/08\\\/29\\\/13-septembrie-2024-sfarsitul-unei-ere\\\/#respond\"]}]},{\"@type\":\"WebPage\",\"@id\":\"https:\\\/\\\/listaluiedelweiss.ro\\\/index.php\\\/2024\\\/08\\\/29\\\/13-septembrie-2024-sfarsitul-unei-ere\\\/\",\"url\":\"https:\\\/\\\/listaluiedelweiss.ro\\\/index.php\\\/2024\\\/08\\\/29\\\/13-septembrie-2024-sfarsitul-unei-ere\\\/\",\"name\":\"13 septembrie 2024, sf\u00e2r\u0219itul unei ere - Lista lui Edelweiss\",\"isPartOf\":{\"@id\":\"https:\\\/\\\/listaluiedelweiss.ro\\\/#website\"},\"primaryImageOfPage\":{\"@id\":\"https:\\\/\\\/listaluiedelweiss.ro\\\/index.php\\\/2024\\\/08\\\/29\\\/13-septembrie-2024-sfarsitul-unei-ere\\\/#primaryimage\"},\"image\":{\"@id\":\"https:\\\/\\\/listaluiedelweiss.ro\\\/index.php\\\/2024\\\/08\\\/29\\\/13-septembrie-2024-sfarsitul-unei-ere\\\/#primaryimage\"},\"thumbnailUrl\":\"https:\\\/\\\/listaluiedelweiss.ro\\\/wp-content\\\/uploads\\\/2024\\\/08\\\/top_gear_season_16_hosts.webp\",\"datePublished\":\"2024-08-29T06:57:38+00:00\",\"dateModified\":\"2024-08-29T06:59:07+00:00\",\"breadcrumb\":{\"@id\":\"https:\\\/\\\/listaluiedelweiss.ro\\\/index.php\\\/2024\\\/08\\\/29\\\/13-septembrie-2024-sfarsitul-unei-ere\\\/#breadcrumb\"},\"inLanguage\":\"ro-RO\",\"potentialAction\":[{\"@type\":\"ReadAction\",\"target\":[\"https:\\\/\\\/listaluiedelweiss.ro\\\/index.php\\\/2024\\\/08\\\/29\\\/13-septembrie-2024-sfarsitul-unei-ere\\\/\"]}]},{\"@type\":\"ImageObject\",\"inLanguage\":\"ro-RO\",\"@id\":\"https:\\\/\\\/listaluiedelweiss.ro\\\/index.php\\\/2024\\\/08\\\/29\\\/13-septembrie-2024-sfarsitul-unei-ere\\\/#primaryimage\",\"url\":\"https:\\\/\\\/listaluiedelweiss.ro\\\/wp-content\\\/uploads\\\/2024\\\/08\\\/top_gear_season_16_hosts.webp\",\"contentUrl\":\"https:\\\/\\\/listaluiedelweiss.ro\\\/wp-content\\\/uploads\\\/2024\\\/08\\\/top_gear_season_16_hosts.webp\",\"width\":648,\"height\":365},{\"@type\":\"BreadcrumbList\",\"@id\":\"https:\\\/\\\/listaluiedelweiss.ro\\\/index.php\\\/2024\\\/08\\\/29\\\/13-septembrie-2024-sfarsitul-unei-ere\\\/#breadcrumb\",\"itemListElement\":[{\"@type\":\"ListItem\",\"position\":1,\"name\":\"Home\",\"item\":\"https:\\\/\\\/listaluiedelweiss.ro\\\/\"},{\"@type\":\"ListItem\",\"position\":2,\"name\":\"13 septembrie 2024, sf\u00e2r\u0219itul unei ere\"}]},{\"@type\":\"WebSite\",\"@id\":\"https:\\\/\\\/listaluiedelweiss.ro\\\/#website\",\"url\":\"https:\\\/\\\/listaluiedelweiss.ro\\\/\",\"name\":\"Lista lui Edelweiss\",\"description\":\"For truth, life, and heavy metal.\",\"publisher\":{\"@id\":\"https:\\\/\\\/listaluiedelweiss.ro\\\/#\\\/schema\\\/person\\\/8cb7fb07445544ddf9ea8a880738937e\"},\"potentialAction\":[{\"@type\":\"SearchAction\",\"target\":{\"@type\":\"EntryPoint\",\"urlTemplate\":\"https:\\\/\\\/listaluiedelweiss.ro\\\/?s={search_term_string}\"},\"query-input\":{\"@type\":\"PropertyValueSpecification\",\"valueRequired\":true,\"valueName\":\"search_term_string\"}}],\"inLanguage\":\"ro-RO\"},{\"@type\":[\"Person\",\"Organization\"],\"@id\":\"https:\\\/\\\/listaluiedelweiss.ro\\\/#\\\/schema\\\/person\\\/8cb7fb07445544ddf9ea8a880738937e\",\"name\":\"Edelweiss\",\"image\":{\"@type\":\"ImageObject\",\"inLanguage\":\"ro-RO\",\"@id\":\"https:\\\/\\\/secure.gravatar.com\\\/avatar\\\/edc47d38b4ff3b829e7d9c6bafbd137257ee3b0e2b1cd10e5732cf52c4ca059b?s=96&d=wavatar&r=g\",\"url\":\"https:\\\/\\\/secure.gravatar.com\\\/avatar\\\/edc47d38b4ff3b829e7d9c6bafbd137257ee3b0e2b1cd10e5732cf52c4ca059b?s=96&d=wavatar&r=g\",\"contentUrl\":\"https:\\\/\\\/secure.gravatar.com\\\/avatar\\\/edc47d38b4ff3b829e7d9c6bafbd137257ee3b0e2b1cd10e5732cf52c4ca059b?s=96&d=wavatar&r=g\",\"caption\":\"Edelweiss\"},\"logo\":{\"@id\":\"https:\\\/\\\/secure.gravatar.com\\\/avatar\\\/edc47d38b4ff3b829e7d9c6bafbd137257ee3b0e2b1cd10e5732cf52c4ca059b?s=96&d=wavatar&r=g\"},\"sameAs\":[\"https:\\\/\\\/listaluiedelweiss.ro\",\"https:\\\/\\\/www.facebook.com\\\/profile.php?id=61573060528727\",\"https:\\\/\\\/www.youtube.com\\\/@Edelweiss74\"],\"url\":\"https:\\\/\\\/listaluiedelweiss.ro\\\/index.php\\\/author\\\/admin_cm1eo3dr\\\/\"}]}<\/script>\n<!-- \/ Yoast SEO plugin. -->","yoast_head_json":{"title":"13 septembrie 2024, sf\u00e2r\u0219itul unei ere - Lista lui Edelweiss","robots":{"index":"index","follow":"follow","max-snippet":"max-snippet:-1","max-image-preview":"max-image-preview:large","max-video-preview":"max-video-preview:-1"},"canonical":"https:\/\/listaluiedelweiss.ro\/index.php\/2024\/08\/29\/13-septembrie-2024-sfarsitul-unei-ere\/","og_locale":"ro_RO","og_type":"article","og_title":"13 septembrie 2024, sf\u00e2r\u0219itul unei ere - Lista lui Edelweiss","og_description":"Nu \u0219tiu c\u00e2\u021bi dintre voi a\u021bi urm\u0103rit de-a lungul anilor show-ul Top Gear al celor de la BBC, prezentat magistral de c\u0103tre Jeremy Clarkson,\u00a0Richard Hammond,\u00a0James May, \u00eencep\u00e2nd cu anul 2002. Dup\u0103 ce s-au p\u0103ruit cu produc\u0103torii de la BBC, de fapt\u00a0Clarkson a fost cel care a decis c\u0103 lovirea unuia dintre produc\u0103tori este o idee...","og_url":"https:\/\/listaluiedelweiss.ro\/index.php\/2024\/08\/29\/13-septembrie-2024-sfarsitul-unei-ere\/","og_site_name":"Lista lui Edelweiss","article_publisher":"https:\/\/www.facebook.com\/profile.php?id=61573060528727","article_author":"https:\/\/www.facebook.com\/profile.php?id=61573060528727","article_published_time":"2024-08-29T06:57:38+00:00","article_modified_time":"2024-08-29T06:59:07+00:00","og_image":[{"width":648,"height":365,"url":"https:\/\/listaluiedelweiss.ro\/wp-content\/uploads\/2024\/08\/top_gear_season_16_hosts.webp","type":"image\/webp"}],"author":"Edelweiss","twitter_card":"summary_large_image","twitter_misc":{"Scris de":"Edelweiss","Timp estimat pentru citire":"3 minute"},"schema":{"@context":"https:\/\/schema.org","@graph":[{"@type":"Article","@id":"https:\/\/listaluiedelweiss.ro\/index.php\/2024\/08\/29\/13-septembrie-2024-sfarsitul-unei-ere\/#article","isPartOf":{"@id":"https:\/\/listaluiedelweiss.ro\/index.php\/2024\/08\/29\/13-septembrie-2024-sfarsitul-unei-ere\/"},"author":{"name":"Edelweiss","@id":"https:\/\/listaluiedelweiss.ro\/#\/schema\/person\/8cb7fb07445544ddf9ea8a880738937e"},"headline":"13 septembrie 2024, sf\u00e2r\u0219itul unei ere","datePublished":"2024-08-29T06:57:38+00:00","dateModified":"2024-08-29T06:59:07+00:00","mainEntityOfPage":{"@id":"https:\/\/listaluiedelweiss.ro\/index.php\/2024\/08\/29\/13-septembrie-2024-sfarsitul-unei-ere\/"},"wordCount":418,"commentCount":17,"publisher":{"@id":"https:\/\/listaluiedelweiss.ro\/#\/schema\/person\/8cb7fb07445544ddf9ea8a880738937e"},"image":{"@id":"https:\/\/listaluiedelweiss.ro\/index.php\/2024\/08\/29\/13-septembrie-2024-sfarsitul-unei-ere\/#primaryimage"},"thumbnailUrl":"https:\/\/listaluiedelweiss.ro\/wp-content\/uploads\/2024\/08\/top_gear_season_16_hosts.webp","articleSection":["Uncategorized"],"inLanguage":"ro-RO","potentialAction":[{"@type":"CommentAction","name":"Comment","target":["https:\/\/listaluiedelweiss.ro\/index.php\/2024\/08\/29\/13-septembrie-2024-sfarsitul-unei-ere\/#respond"]}]},{"@type":"WebPage","@id":"https:\/\/listaluiedelweiss.ro\/index.php\/2024\/08\/29\/13-septembrie-2024-sfarsitul-unei-ere\/","url":"https:\/\/listaluiedelweiss.ro\/index.php\/2024\/08\/29\/13-septembrie-2024-sfarsitul-unei-ere\/","name":"13 septembrie 2024, sf\u00e2r\u0219itul unei ere - Lista lui Edelweiss","isPartOf":{"@id":"https:\/\/listaluiedelweiss.ro\/#website"},"primaryImageOfPage":{"@id":"https:\/\/listaluiedelweiss.ro\/index.php\/2024\/08\/29\/13-septembrie-2024-sfarsitul-unei-ere\/#primaryimage"},"image":{"@id":"https:\/\/listaluiedelweiss.ro\/index.php\/2024\/08\/29\/13-septembrie-2024-sfarsitul-unei-ere\/#primaryimage"},"thumbnailUrl":"https:\/\/listaluiedelweiss.ro\/wp-content\/uploads\/2024\/08\/top_gear_season_16_hosts.webp","datePublished":"2024-08-29T06:57:38+00:00","dateModified":"2024-08-29T06:59:07+00:00","breadcrumb":{"@id":"https:\/\/listaluiedelweiss.ro\/index.php\/2024\/08\/29\/13-septembrie-2024-sfarsitul-unei-ere\/#breadcrumb"},"inLanguage":"ro-RO","potentialAction":[{"@type":"ReadAction","target":["https:\/\/listaluiedelweiss.ro\/index.php\/2024\/08\/29\/13-septembrie-2024-sfarsitul-unei-ere\/"]}]},{"@type":"ImageObject","inLanguage":"ro-RO","@id":"https:\/\/listaluiedelweiss.ro\/index.php\/2024\/08\/29\/13-septembrie-2024-sfarsitul-unei-ere\/#primaryimage","url":"https:\/\/listaluiedelweiss.ro\/wp-content\/uploads\/2024\/08\/top_gear_season_16_hosts.webp","contentUrl":"https:\/\/listaluiedelweiss.ro\/wp-content\/uploads\/2024\/08\/top_gear_season_16_hosts.webp","width":648,"height":365},{"@type":"BreadcrumbList","@id":"https:\/\/listaluiedelweiss.ro\/index.php\/2024\/08\/29\/13-septembrie-2024-sfarsitul-unei-ere\/#breadcrumb","itemListElement":[{"@type":"ListItem","position":1,"name":"Home","item":"https:\/\/listaluiedelweiss.ro\/"},{"@type":"ListItem","position":2,"name":"13 septembrie 2024, sf\u00e2r\u0219itul unei ere"}]},{"@type":"WebSite","@id":"https:\/\/listaluiedelweiss.ro\/#website","url":"https:\/\/listaluiedelweiss.ro\/","name":"Lista lui Edelweiss","description":"For truth, life, and heavy metal.","publisher":{"@id":"https:\/\/listaluiedelweiss.ro\/#\/schema\/person\/8cb7fb07445544ddf9ea8a880738937e"},"potentialAction":[{"@type":"SearchAction","target":{"@type":"EntryPoint","urlTemplate":"https:\/\/listaluiedelweiss.ro\/?s={search_term_string}"},"query-input":{"@type":"PropertyValueSpecification","valueRequired":true,"valueName":"search_term_string"}}],"inLanguage":"ro-RO"},{"@type":["Person","Organization"],"@id":"https:\/\/listaluiedelweiss.ro\/#\/schema\/person\/8cb7fb07445544ddf9ea8a880738937e","name":"Edelweiss","image":{"@type":"ImageObject","inLanguage":"ro-RO","@id":"https:\/\/secure.gravatar.com\/avatar\/edc47d38b4ff3b829e7d9c6bafbd137257ee3b0e2b1cd10e5732cf52c4ca059b?s=96&d=wavatar&r=g","url":"https:\/\/secure.gravatar.com\/avatar\/edc47d38b4ff3b829e7d9c6bafbd137257ee3b0e2b1cd10e5732cf52c4ca059b?s=96&d=wavatar&r=g","contentUrl":"https:\/\/secure.gravatar.com\/avatar\/edc47d38b4ff3b829e7d9c6bafbd137257ee3b0e2b1cd10e5732cf52c4ca059b?s=96&d=wavatar&r=g","caption":"Edelweiss"},"logo":{"@id":"https:\/\/secure.gravatar.com\/avatar\/edc47d38b4ff3b829e7d9c6bafbd137257ee3b0e2b1cd10e5732cf52c4ca059b?s=96&d=wavatar&r=g"},"sameAs":["https:\/\/listaluiedelweiss.ro","https:\/\/www.facebook.com\/profile.php?id=61573060528727","https:\/\/www.youtube.com\/@Edelweiss74"],"url":"https:\/\/listaluiedelweiss.ro\/index.php\/author\/admin_cm1eo3dr\/"}]}},"jetpack_featured_media_url":"https:\/\/listaluiedelweiss.ro\/wp-content\/uploads\/2024\/08\/top_gear_season_16_hosts.webp","jetpack_sharing_enabled":true,"_links":{"self":[{"href":"https:\/\/listaluiedelweiss.ro\/index.php\/wp-json\/wp\/v2\/posts\/397","targetHints":{"allow":["GET"]}}],"collection":[{"href":"https:\/\/listaluiedelweiss.ro\/index.php\/wp-json\/wp\/v2\/posts"}],"about":[{"href":"https:\/\/listaluiedelweiss.ro\/index.php\/wp-json\/wp\/v2\/types\/post"}],"author":[{"embeddable":true,"href":"https:\/\/listaluiedelweiss.ro\/index.php\/wp-json\/wp\/v2\/users\/1"}],"replies":[{"embeddable":true,"href":"https:\/\/listaluiedelweiss.ro\/index.php\/wp-json\/wp\/v2\/comments?post=397"}],"version-history":[{"count":8,"href":"https:\/\/listaluiedelweiss.ro\/index.php\/wp-json\/wp\/v2\/posts\/397\/revisions"}],"predecessor-version":[{"id":406,"href":"https:\/\/listaluiedelweiss.ro\/index.php\/wp-json\/wp\/v2\/posts\/397\/revisions\/406"}],"wp:featuredmedia":[{"embeddable":true,"href":"https:\/\/listaluiedelweiss.ro\/index.php\/wp-json\/wp\/v2\/media\/398"}],"wp:attachment":[{"href":"https:\/\/listaluiedelweiss.ro\/index.php\/wp-json\/wp\/v2\/media?parent=397"}],"wp:term":[{"taxonomy":"category","embeddable":true,"href":"https:\/\/listaluiedelweiss.ro\/index.php\/wp-json\/wp\/v2\/categories?post=397"},{"taxonomy":"post_tag","embeddable":true,"href":"https:\/\/listaluiedelweiss.ro\/index.php\/wp-json\/wp\/v2\/tags?post=397"}],"curies":[{"name":"wp","href":"https:\/\/api.w.org\/{rel}","templated":true}]}}