{"id":3646,"date":"2025-04-06T07:49:05","date_gmt":"2025-04-06T04:49:05","guid":{"rendered":"https:\/\/listaluiedelweiss.ro\/?p=3646"},"modified":"2025-04-06T07:49:05","modified_gmt":"2025-04-06T04:49:05","slug":"ne-meritam-limbricii","status":"publish","type":"post","link":"https:\/\/listaluiedelweiss.ro\/index.php\/2025\/04\/06\/ne-meritam-limbricii\/","title":{"rendered":"Ne merit\u0103m limbricii"},"content":{"rendered":"<p><span style=\"color: #000000;\">Era cinci \u0219i pu\u021bin, antemeridian, ca s\u0103 nu avem discu\u021bii, \u0219i \u00eencepusem s\u0103 lucrez la selec\u021bia muzical\u0103 de duminic\u0103, care o s\u0103 apar\u0103 ast\u0103zi, dup\u0103 ora 12, din cauz\u0103 de distras aten\u021bia.<\/span><\/p>\n<p><span style=\"color: #000000;\">Creierul meu este un balamuc \u00een forma cea mai dens\u0103. \u00cen urechea st\u00e2ng\u0103 st\u0103 \u00eenfipt\u0103 casca conectat\u0103 la laptop, care \u00eemi livreaz\u0103 muzica scuipat\u0103, urlat\u0103, de diferi\u021bi b\u0103ie\u021bi \u0219i diferite fete, \u00een cea dreapt\u0103, pe care o a\u0219ez \u00een ordinea numerelor de pe tricouri, \u00een diferite selec\u021bii.<\/span><\/p>\n<p><span style=\"color: #000000;\">\u00centr-o alt\u0103 casc\u0103, \u00eenfipt\u0103 \u00een cealalt\u0103 ureche din dotare, ascult diferi\u021bi oameni care \u00ee\u0219i dau cu p\u0103rerea despre balamucul intern sau interna\u021bional. Cum ar<\/span> <span style=\"color: #0000ff;\"><em><a style=\"color: #0000ff;\" href=\"https:\/\/youtu.be\/nh2yanuOJiw?si=ht8rYgvxjOauivfS\" target=\"_blank\" rel=\"noopener\">Sabin Gherman<\/a><\/em>,<\/span>\u00a0<span style=\"color: #0000ff;\"><em><a style=\"color: #0000ff;\" href=\"https:\/\/www.youtube.com\/@valipetcuro\" target=\"_blank\" rel=\"noopener\">Vali, nu fi c\u00e2rnat, Zoso<\/a><\/em>,\u00a0<em><a style=\"color: #0000ff;\" href=\"https:\/\/www.youtube.com\/@StareaNatiei\" target=\"_blank\" rel=\"noopener\">P\u0103traru \u0219i Valeriu<\/a><\/em>,<em>\u00a0<a style=\"color: #0000ff;\" href=\"https:\/\/youtu.be\/dFoSIZrQbL4?si=pGs-b4rBsW2gIk3b\" target=\"_blank\" rel=\"noopener\">Colectionarul de Istorie<\/a> <\/em><\/span><span style=\"color: #000000;\">sau pe unde \u00eel mai prind pe<\/span> <a href=\"https:\/\/www.facebook.com\/maxxy.pog\/?locale=ro_RO\" target=\"_blank\" rel=\"noopener\"><span style=\"color: #0000ff;\"><em>maestrul metalist Pog\u0103cia\u0219<\/em><\/span>,<\/a>\u00a0<span style=\"color: #000000;\">\u0219i al\u021bi c\u00e2\u021biva cet\u0103\u021beni cu a c\u0103ror p\u0103rere rezonez.<\/span><\/p>\n<p><span style=\"color: #000000;\">\u00cen func\u021bie de ce primesc \u00een urechea dreapt\u0103 sau st\u00e2nga, mai deschid diferite taburi ca s\u0103 caut informa\u021bii.<\/span><\/p>\n<p><span style=\"color: #000000;\"> \u0218i am dat peste<\/span><span style=\"color: #0000ff;\"> <em><a style=\"color: #0000ff;\" href=\"https:\/\/www.facebook.com\/Popescu.Piedone\/posts\/1216238489858339?ref=embed_post\" target=\"_blank\" rel=\"noopener\">replica lui Piedone<\/a>,<\/em><\/span> a<span style=\"color: #000000;\">cest limbric cu liceul terminat glorios dup\u0103 v\u00e2rsta de 30 de ani \u0219i principalul RESPONSABIL \u0219i VINOVAT al tragediei de la COLECTIV, adresat\u0103 lui Nicu\u0219or Dan.\u00a0<\/span><\/p>\n<p><span style=\"color: #000000;\">Domnul Piedone \u00een ce calitate \u00eel trage pe Nicu\u0219or de urechi? \u00cen aia de<\/span>\u00a0<span style=\"color: #0000ff;\"><em><a style=\"color: #0000ff;\" href=\"https:\/\/www.presshub.ro\/istoria-penala-a-lui-piedone-si-a-luat-5-categorii-din-permisul-auto-intr-o-singura-zi-315772\/\" target=\"_blank\" rel=\"noopener\">\u0219ofer care a luat toate categoriile \u00eentr-o singur\u0103 zi<\/a><\/em>\u00a0<\/span><span style=\"color: #000000;\">sau \u00een cea de<\/span> <span style=\"color: #0000ff;\"><em><a style=\"color: #0000ff;\" href=\"https:\/\/www.digifm.ro\/stiri\/ce-studii-are-piedone-a-terminat-liceul-la-32-de-ani-iar-apoi-a-facut-o-facultate-cunoscuta-drept-fabrica-de-diplome-pentru-politicieni-204811\" target=\"_blank\" rel=\"noopener\">intelectual cu p\u0103reri ferme \u0219i studii pe bune?<\/a><\/em><\/span><\/p>\n<p><span style=\"color: #000000;\">Dac\u0103 \u00een 2025, c\u00e2nd ai la dispozi\u021bie internetul \u0103sta at\u00e2t de mare, ca s\u0103 cau\u021bi c\u0103c\u0103turi despre c\u0103ca\u021bi, tu, poporean rom\u00e2n, \u00eenc\u0103 pui botul la spectacolele puse \u00een scen\u0103 de limbrici ca Georgescu \u0219i piticii lui de gr\u0103din\u0103, Piedone, care scrie cu m\u00e2ini p\u0103tate de s\u00e2nge, amenzi, pentru fe\u021be de mas\u0103 p\u0103tate de ketchup, b\u0103i, popor, \u00eei cam meri\u021bi pe limbricii \u0103\u0219tia.<\/span><\/p>\n<p><span style=\"color: #000000;\">S\u0103 stai s\u0103 aplauzi circul pus \u00een scen\u0103 de acest infractor, aspirant la postul de primar general al Bucure\u0219tiului,\u00a0 filmat cu 1000 de camere, c\u0103 de, a\u0219a fac \u0219i \u0103ia care salveaz\u0103 vie\u021bi de oameni, nu se apuc\u0103 de treab\u0103, p\u00e2n\u0103 nu au dou\u0103 camere c\u0103lare pe ei, asta este o dovad\u0103 clar\u0103 c\u0103 e\u0219ti mai prost ca o foc\u0103.<\/span><\/p>\n<p><span style=\"color: #000000;\">Domnu&#8217; Piedone, \u00eentr-o \u021bar\u0103 cu min\u021bile la ea, singurul post pentru care putea\u021bi s\u0103 candida\u021bi era acela de prim fes al \u0219efului de camer\u0103 la oricare dintre p\u00e2rn\u0103ile din \u021bar\u0103.<\/span><\/p>\n<p>&nbsp;<\/p>\n","protected":false},"excerpt":{"rendered":"<p>Era cinci \u0219i pu\u021bin, antemeridian, ca s\u0103 nu avem discu\u021bii, \u0219i \u00eencepusem s\u0103 lucrez la selec\u021bia muzical\u0103 de duminic\u0103, care o s\u0103 apar\u0103 ast\u0103zi, dup\u0103 ora 12, din cauz\u0103 de distras aten\u021bia. Creierul meu este un balamuc \u00een forma cea mai dens\u0103. \u00cen urechea st\u00e2ng\u0103 st\u0103 \u00eenfipt\u0103 casca conectat\u0103 la laptop, care \u00eemi livreaz\u0103 muzica&#8230;<\/p>\n","protected":false},"author":1,"featured_media":3648,"comment_status":"open","ping_status":"open","sticky":false,"template":"","format":"standard","meta":{"jetpack_post_was_ever_published":false,"_jetpack_newsletter_access":"","_jetpack_dont_email_post_to_subs":false,"_jetpack_newsletter_tier_id":0,"_jetpack_memberships_contains_paywalled_content":false,"_jetpack_memberships_contains_paid_content":false,"footnotes":""},"categories":[1],"tags":[],"class_list":["post-3646","post","type-post","status-publish","format-standard","has-post-thumbnail","hentry","category-uncategorized"],"yoast_head":"<!-- This site is optimized with the Yoast SEO plugin v27.4 - https:\/\/yoast.com\/product\/yoast-seo-wordpress\/ -->\n<title>Ne merit\u0103m limbricii - Lista lui Edelweiss<\/title>\n<meta name=\"description\" content=\"Cristian Piedone, Nicu\u0219or Dan scandal\" \/>\n<meta name=\"robots\" content=\"index, follow, max-snippet:-1, max-image-preview:large, max-video-preview:-1\" \/>\n<link rel=\"canonical\" href=\"https:\/\/listaluiedelweiss.ro\/index.php\/2025\/04\/06\/ne-meritam-limbricii\/\" \/>\n<meta property=\"og:locale\" content=\"ro_RO\" \/>\n<meta property=\"og:type\" content=\"article\" \/>\n<meta property=\"og:title\" content=\"Ne merit\u0103m limbricii - Lista lui Edelweiss\" \/>\n<meta property=\"og:description\" content=\"Cristian Piedone, Nicu\u0219or Dan scandal\" \/>\n<meta property=\"og:url\" content=\"https:\/\/listaluiedelweiss.ro\/index.php\/2025\/04\/06\/ne-meritam-limbricii\/\" \/>\n<meta property=\"og:site_name\" content=\"Lista lui Edelweiss\" \/>\n<meta property=\"article:publisher\" content=\"https:\/\/www.facebook.com\/profile.php?id=61573060528727\" \/>\n<meta property=\"article:author\" content=\"https:\/\/www.facebook.com\/profile.php?id=61573060528727\" \/>\n<meta property=\"article:published_time\" content=\"2025-04-06T04:49:05+00:00\" \/>\n<meta property=\"og:image\" content=\"https:\/\/listaluiedelweiss.ro\/wp-content\/uploads\/2025\/04\/EXCLUSIV-Cristian-Popescu-Piedone-raspuns-acid-pe-tema-tricourilor.webp\" \/>\n\t<meta property=\"og:image:width\" content=\"1150\" \/>\n\t<meta property=\"og:image:height\" content=\"647\" \/>\n\t<meta property=\"og:image:type\" content=\"image\/webp\" \/>\n<meta name=\"author\" content=\"Edelweiss\" \/>\n<meta name=\"twitter:card\" content=\"summary_large_image\" \/>\n<meta name=\"twitter:label1\" content=\"Scris de\" \/>\n\t<meta name=\"twitter:data1\" content=\"Edelweiss\" \/>\n\t<meta name=\"twitter:label2\" content=\"Timp estimat pentru citire\" \/>\n\t<meta name=\"twitter:data2\" content=\"3 minute\" \/>\n<script type=\"application\/ld+json\" class=\"yoast-schema-graph\">{\"@context\":\"https:\\\/\\\/schema.org\",\"@graph\":[{\"@type\":\"Article\",\"@id\":\"https:\\\/\\\/listaluiedelweiss.ro\\\/index.php\\\/2025\\\/04\\\/06\\\/ne-meritam-limbricii\\\/#article\",\"isPartOf\":{\"@id\":\"https:\\\/\\\/listaluiedelweiss.ro\\\/index.php\\\/2025\\\/04\\\/06\\\/ne-meritam-limbricii\\\/\"},\"author\":{\"name\":\"Edelweiss\",\"@id\":\"https:\\\/\\\/listaluiedelweiss.ro\\\/#\\\/schema\\\/person\\\/8cb7fb07445544ddf9ea8a880738937e\"},\"headline\":\"Ne merit\u0103m limbricii\",\"datePublished\":\"2025-04-06T04:49:05+00:00\",\"mainEntityOfPage\":{\"@id\":\"https:\\\/\\\/listaluiedelweiss.ro\\\/index.php\\\/2025\\\/04\\\/06\\\/ne-meritam-limbricii\\\/\"},\"wordCount\":431,\"commentCount\":14,\"publisher\":{\"@id\":\"https:\\\/\\\/listaluiedelweiss.ro\\\/#\\\/schema\\\/person\\\/8cb7fb07445544ddf9ea8a880738937e\"},\"image\":{\"@id\":\"https:\\\/\\\/listaluiedelweiss.ro\\\/index.php\\\/2025\\\/04\\\/06\\\/ne-meritam-limbricii\\\/#primaryimage\"},\"thumbnailUrl\":\"https:\\\/\\\/listaluiedelweiss.ro\\\/wp-content\\\/uploads\\\/2025\\\/04\\\/EXCLUSIV-Cristian-Popescu-Piedone-raspuns-acid-pe-tema-tricourilor.webp\",\"articleSection\":[\"Uncategorized\"],\"inLanguage\":\"ro-RO\",\"potentialAction\":[{\"@type\":\"CommentAction\",\"name\":\"Comment\",\"target\":[\"https:\\\/\\\/listaluiedelweiss.ro\\\/index.php\\\/2025\\\/04\\\/06\\\/ne-meritam-limbricii\\\/#respond\"]}]},{\"@type\":\"WebPage\",\"@id\":\"https:\\\/\\\/listaluiedelweiss.ro\\\/index.php\\\/2025\\\/04\\\/06\\\/ne-meritam-limbricii\\\/\",\"url\":\"https:\\\/\\\/listaluiedelweiss.ro\\\/index.php\\\/2025\\\/04\\\/06\\\/ne-meritam-limbricii\\\/\",\"name\":\"Ne merit\u0103m limbricii - Lista lui Edelweiss\",\"isPartOf\":{\"@id\":\"https:\\\/\\\/listaluiedelweiss.ro\\\/#website\"},\"primaryImageOfPage\":{\"@id\":\"https:\\\/\\\/listaluiedelweiss.ro\\\/index.php\\\/2025\\\/04\\\/06\\\/ne-meritam-limbricii\\\/#primaryimage\"},\"image\":{\"@id\":\"https:\\\/\\\/listaluiedelweiss.ro\\\/index.php\\\/2025\\\/04\\\/06\\\/ne-meritam-limbricii\\\/#primaryimage\"},\"thumbnailUrl\":\"https:\\\/\\\/listaluiedelweiss.ro\\\/wp-content\\\/uploads\\\/2025\\\/04\\\/EXCLUSIV-Cristian-Popescu-Piedone-raspuns-acid-pe-tema-tricourilor.webp\",\"datePublished\":\"2025-04-06T04:49:05+00:00\",\"description\":\"Cristian Piedone, Nicu\u0219or Dan scandal\",\"breadcrumb\":{\"@id\":\"https:\\\/\\\/listaluiedelweiss.ro\\\/index.php\\\/2025\\\/04\\\/06\\\/ne-meritam-limbricii\\\/#breadcrumb\"},\"inLanguage\":\"ro-RO\",\"potentialAction\":[{\"@type\":\"ReadAction\",\"target\":[\"https:\\\/\\\/listaluiedelweiss.ro\\\/index.php\\\/2025\\\/04\\\/06\\\/ne-meritam-limbricii\\\/\"]}]},{\"@type\":\"ImageObject\",\"inLanguage\":\"ro-RO\",\"@id\":\"https:\\\/\\\/listaluiedelweiss.ro\\\/index.php\\\/2025\\\/04\\\/06\\\/ne-meritam-limbricii\\\/#primaryimage\",\"url\":\"https:\\\/\\\/listaluiedelweiss.ro\\\/wp-content\\\/uploads\\\/2025\\\/04\\\/EXCLUSIV-Cristian-Popescu-Piedone-raspuns-acid-pe-tema-tricourilor.webp\",\"contentUrl\":\"https:\\\/\\\/listaluiedelweiss.ro\\\/wp-content\\\/uploads\\\/2025\\\/04\\\/EXCLUSIV-Cristian-Popescu-Piedone-raspuns-acid-pe-tema-tricourilor.webp\",\"width\":1150,\"height\":647},{\"@type\":\"BreadcrumbList\",\"@id\":\"https:\\\/\\\/listaluiedelweiss.ro\\\/index.php\\\/2025\\\/04\\\/06\\\/ne-meritam-limbricii\\\/#breadcrumb\",\"itemListElement\":[{\"@type\":\"ListItem\",\"position\":1,\"name\":\"Home\",\"item\":\"https:\\\/\\\/listaluiedelweiss.ro\\\/\"},{\"@type\":\"ListItem\",\"position\":2,\"name\":\"Ne merit\u0103m limbricii\"}]},{\"@type\":\"WebSite\",\"@id\":\"https:\\\/\\\/listaluiedelweiss.ro\\\/#website\",\"url\":\"https:\\\/\\\/listaluiedelweiss.ro\\\/\",\"name\":\"Lista lui Edelweiss\",\"description\":\"For truth, life, and heavy metal.\",\"publisher\":{\"@id\":\"https:\\\/\\\/listaluiedelweiss.ro\\\/#\\\/schema\\\/person\\\/8cb7fb07445544ddf9ea8a880738937e\"},\"potentialAction\":[{\"@type\":\"SearchAction\",\"target\":{\"@type\":\"EntryPoint\",\"urlTemplate\":\"https:\\\/\\\/listaluiedelweiss.ro\\\/?s={search_term_string}\"},\"query-input\":{\"@type\":\"PropertyValueSpecification\",\"valueRequired\":true,\"valueName\":\"search_term_string\"}}],\"inLanguage\":\"ro-RO\"},{\"@type\":[\"Person\",\"Organization\"],\"@id\":\"https:\\\/\\\/listaluiedelweiss.ro\\\/#\\\/schema\\\/person\\\/8cb7fb07445544ddf9ea8a880738937e\",\"name\":\"Edelweiss\",\"image\":{\"@type\":\"ImageObject\",\"inLanguage\":\"ro-RO\",\"@id\":\"https:\\\/\\\/secure.gravatar.com\\\/avatar\\\/edc47d38b4ff3b829e7d9c6bafbd137257ee3b0e2b1cd10e5732cf52c4ca059b?s=96&d=wavatar&r=g\",\"url\":\"https:\\\/\\\/secure.gravatar.com\\\/avatar\\\/edc47d38b4ff3b829e7d9c6bafbd137257ee3b0e2b1cd10e5732cf52c4ca059b?s=96&d=wavatar&r=g\",\"contentUrl\":\"https:\\\/\\\/secure.gravatar.com\\\/avatar\\\/edc47d38b4ff3b829e7d9c6bafbd137257ee3b0e2b1cd10e5732cf52c4ca059b?s=96&d=wavatar&r=g\",\"caption\":\"Edelweiss\"},\"logo\":{\"@id\":\"https:\\\/\\\/secure.gravatar.com\\\/avatar\\\/edc47d38b4ff3b829e7d9c6bafbd137257ee3b0e2b1cd10e5732cf52c4ca059b?s=96&d=wavatar&r=g\"},\"sameAs\":[\"https:\\\/\\\/listaluiedelweiss.ro\",\"https:\\\/\\\/www.facebook.com\\\/profile.php?id=61573060528727\",\"https:\\\/\\\/www.youtube.com\\\/@Edelweiss74\"],\"url\":\"https:\\\/\\\/listaluiedelweiss.ro\\\/index.php\\\/author\\\/admin_cm1eo3dr\\\/\"}]}<\/script>\n<!-- \/ Yoast SEO plugin. -->","yoast_head_json":{"title":"Ne merit\u0103m limbricii - Lista lui Edelweiss","description":"Cristian Piedone, Nicu\u0219or Dan scandal","robots":{"index":"index","follow":"follow","max-snippet":"max-snippet:-1","max-image-preview":"max-image-preview:large","max-video-preview":"max-video-preview:-1"},"canonical":"https:\/\/listaluiedelweiss.ro\/index.php\/2025\/04\/06\/ne-meritam-limbricii\/","og_locale":"ro_RO","og_type":"article","og_title":"Ne merit\u0103m limbricii - Lista lui Edelweiss","og_description":"Cristian Piedone, Nicu\u0219or Dan scandal","og_url":"https:\/\/listaluiedelweiss.ro\/index.php\/2025\/04\/06\/ne-meritam-limbricii\/","og_site_name":"Lista lui Edelweiss","article_publisher":"https:\/\/www.facebook.com\/profile.php?id=61573060528727","article_author":"https:\/\/www.facebook.com\/profile.php?id=61573060528727","article_published_time":"2025-04-06T04:49:05+00:00","og_image":[{"width":1150,"height":647,"url":"https:\/\/listaluiedelweiss.ro\/wp-content\/uploads\/2025\/04\/EXCLUSIV-Cristian-Popescu-Piedone-raspuns-acid-pe-tema-tricourilor.webp","type":"image\/webp"}],"author":"Edelweiss","twitter_card":"summary_large_image","twitter_misc":{"Scris de":"Edelweiss","Timp estimat pentru citire":"3 minute"},"schema":{"@context":"https:\/\/schema.org","@graph":[{"@type":"Article","@id":"https:\/\/listaluiedelweiss.ro\/index.php\/2025\/04\/06\/ne-meritam-limbricii\/#article","isPartOf":{"@id":"https:\/\/listaluiedelweiss.ro\/index.php\/2025\/04\/06\/ne-meritam-limbricii\/"},"author":{"name":"Edelweiss","@id":"https:\/\/listaluiedelweiss.ro\/#\/schema\/person\/8cb7fb07445544ddf9ea8a880738937e"},"headline":"Ne merit\u0103m limbricii","datePublished":"2025-04-06T04:49:05+00:00","mainEntityOfPage":{"@id":"https:\/\/listaluiedelweiss.ro\/index.php\/2025\/04\/06\/ne-meritam-limbricii\/"},"wordCount":431,"commentCount":14,"publisher":{"@id":"https:\/\/listaluiedelweiss.ro\/#\/schema\/person\/8cb7fb07445544ddf9ea8a880738937e"},"image":{"@id":"https:\/\/listaluiedelweiss.ro\/index.php\/2025\/04\/06\/ne-meritam-limbricii\/#primaryimage"},"thumbnailUrl":"https:\/\/listaluiedelweiss.ro\/wp-content\/uploads\/2025\/04\/EXCLUSIV-Cristian-Popescu-Piedone-raspuns-acid-pe-tema-tricourilor.webp","articleSection":["Uncategorized"],"inLanguage":"ro-RO","potentialAction":[{"@type":"CommentAction","name":"Comment","target":["https:\/\/listaluiedelweiss.ro\/index.php\/2025\/04\/06\/ne-meritam-limbricii\/#respond"]}]},{"@type":"WebPage","@id":"https:\/\/listaluiedelweiss.ro\/index.php\/2025\/04\/06\/ne-meritam-limbricii\/","url":"https:\/\/listaluiedelweiss.ro\/index.php\/2025\/04\/06\/ne-meritam-limbricii\/","name":"Ne merit\u0103m limbricii - Lista lui Edelweiss","isPartOf":{"@id":"https:\/\/listaluiedelweiss.ro\/#website"},"primaryImageOfPage":{"@id":"https:\/\/listaluiedelweiss.ro\/index.php\/2025\/04\/06\/ne-meritam-limbricii\/#primaryimage"},"image":{"@id":"https:\/\/listaluiedelweiss.ro\/index.php\/2025\/04\/06\/ne-meritam-limbricii\/#primaryimage"},"thumbnailUrl":"https:\/\/listaluiedelweiss.ro\/wp-content\/uploads\/2025\/04\/EXCLUSIV-Cristian-Popescu-Piedone-raspuns-acid-pe-tema-tricourilor.webp","datePublished":"2025-04-06T04:49:05+00:00","description":"Cristian Piedone, Nicu\u0219or Dan scandal","breadcrumb":{"@id":"https:\/\/listaluiedelweiss.ro\/index.php\/2025\/04\/06\/ne-meritam-limbricii\/#breadcrumb"},"inLanguage":"ro-RO","potentialAction":[{"@type":"ReadAction","target":["https:\/\/listaluiedelweiss.ro\/index.php\/2025\/04\/06\/ne-meritam-limbricii\/"]}]},{"@type":"ImageObject","inLanguage":"ro-RO","@id":"https:\/\/listaluiedelweiss.ro\/index.php\/2025\/04\/06\/ne-meritam-limbricii\/#primaryimage","url":"https:\/\/listaluiedelweiss.ro\/wp-content\/uploads\/2025\/04\/EXCLUSIV-Cristian-Popescu-Piedone-raspuns-acid-pe-tema-tricourilor.webp","contentUrl":"https:\/\/listaluiedelweiss.ro\/wp-content\/uploads\/2025\/04\/EXCLUSIV-Cristian-Popescu-Piedone-raspuns-acid-pe-tema-tricourilor.webp","width":1150,"height":647},{"@type":"BreadcrumbList","@id":"https:\/\/listaluiedelweiss.ro\/index.php\/2025\/04\/06\/ne-meritam-limbricii\/#breadcrumb","itemListElement":[{"@type":"ListItem","position":1,"name":"Home","item":"https:\/\/listaluiedelweiss.ro\/"},{"@type":"ListItem","position":2,"name":"Ne merit\u0103m limbricii"}]},{"@type":"WebSite","@id":"https:\/\/listaluiedelweiss.ro\/#website","url":"https:\/\/listaluiedelweiss.ro\/","name":"Lista lui Edelweiss","description":"For truth, life, and heavy metal.","publisher":{"@id":"https:\/\/listaluiedelweiss.ro\/#\/schema\/person\/8cb7fb07445544ddf9ea8a880738937e"},"potentialAction":[{"@type":"SearchAction","target":{"@type":"EntryPoint","urlTemplate":"https:\/\/listaluiedelweiss.ro\/?s={search_term_string}"},"query-input":{"@type":"PropertyValueSpecification","valueRequired":true,"valueName":"search_term_string"}}],"inLanguage":"ro-RO"},{"@type":["Person","Organization"],"@id":"https:\/\/listaluiedelweiss.ro\/#\/schema\/person\/8cb7fb07445544ddf9ea8a880738937e","name":"Edelweiss","image":{"@type":"ImageObject","inLanguage":"ro-RO","@id":"https:\/\/secure.gravatar.com\/avatar\/edc47d38b4ff3b829e7d9c6bafbd137257ee3b0e2b1cd10e5732cf52c4ca059b?s=96&d=wavatar&r=g","url":"https:\/\/secure.gravatar.com\/avatar\/edc47d38b4ff3b829e7d9c6bafbd137257ee3b0e2b1cd10e5732cf52c4ca059b?s=96&d=wavatar&r=g","contentUrl":"https:\/\/secure.gravatar.com\/avatar\/edc47d38b4ff3b829e7d9c6bafbd137257ee3b0e2b1cd10e5732cf52c4ca059b?s=96&d=wavatar&r=g","caption":"Edelweiss"},"logo":{"@id":"https:\/\/secure.gravatar.com\/avatar\/edc47d38b4ff3b829e7d9c6bafbd137257ee3b0e2b1cd10e5732cf52c4ca059b?s=96&d=wavatar&r=g"},"sameAs":["https:\/\/listaluiedelweiss.ro","https:\/\/www.facebook.com\/profile.php?id=61573060528727","https:\/\/www.youtube.com\/@Edelweiss74"],"url":"https:\/\/listaluiedelweiss.ro\/index.php\/author\/admin_cm1eo3dr\/"}]}},"jetpack_featured_media_url":"https:\/\/listaluiedelweiss.ro\/wp-content\/uploads\/2025\/04\/EXCLUSIV-Cristian-Popescu-Piedone-raspuns-acid-pe-tema-tricourilor.webp","jetpack_sharing_enabled":true,"_links":{"self":[{"href":"https:\/\/listaluiedelweiss.ro\/index.php\/wp-json\/wp\/v2\/posts\/3646","targetHints":{"allow":["GET"]}}],"collection":[{"href":"https:\/\/listaluiedelweiss.ro\/index.php\/wp-json\/wp\/v2\/posts"}],"about":[{"href":"https:\/\/listaluiedelweiss.ro\/index.php\/wp-json\/wp\/v2\/types\/post"}],"author":[{"embeddable":true,"href":"https:\/\/listaluiedelweiss.ro\/index.php\/wp-json\/wp\/v2\/users\/1"}],"replies":[{"embeddable":true,"href":"https:\/\/listaluiedelweiss.ro\/index.php\/wp-json\/wp\/v2\/comments?post=3646"}],"version-history":[{"count":6,"href":"https:\/\/listaluiedelweiss.ro\/index.php\/wp-json\/wp\/v2\/posts\/3646\/revisions"}],"predecessor-version":[{"id":3654,"href":"https:\/\/listaluiedelweiss.ro\/index.php\/wp-json\/wp\/v2\/posts\/3646\/revisions\/3654"}],"wp:featuredmedia":[{"embeddable":true,"href":"https:\/\/listaluiedelweiss.ro\/index.php\/wp-json\/wp\/v2\/media\/3648"}],"wp:attachment":[{"href":"https:\/\/listaluiedelweiss.ro\/index.php\/wp-json\/wp\/v2\/media?parent=3646"}],"wp:term":[{"taxonomy":"category","embeddable":true,"href":"https:\/\/listaluiedelweiss.ro\/index.php\/wp-json\/wp\/v2\/categories?post=3646"},{"taxonomy":"post_tag","embeddable":true,"href":"https:\/\/listaluiedelweiss.ro\/index.php\/wp-json\/wp\/v2\/tags?post=3646"}],"curies":[{"name":"wp","href":"https:\/\/api.w.org\/{rel}","templated":true}]}}