{"id":3296,"date":"2025-03-15T07:52:31","date_gmt":"2025-03-15T05:52:31","guid":{"rendered":"https:\/\/listaluiedelweiss.ro\/?p=3296"},"modified":"2025-03-15T07:52:31","modified_gmt":"2025-03-15T05:52:31","slug":"vreau-sa-ma-plictisesc-in-romania","status":"publish","type":"post","link":"https:\/\/listaluiedelweiss.ro\/index.php\/2025\/03\/15\/vreau-sa-ma-plictisesc-in-romania\/","title":{"rendered":"Vreau s\u0103 m\u0103 plictisesc \u00een Rom\u00e2nia"},"content":{"rendered":"<p><span style=\"color: #000000;\">St\u0103team \u0219i \u00eel ascultam, cu foarte mare pl\u0103cere, ca de obicei pe<\/span>\u00a0<strong><span style=\"color: #0000ff;\"><a style=\"color: #0000ff;\" href=\"https:\/\/youtu.be\/2ZTkc6-tonw?si=ZjVU6lgf0loNS0g7\" target=\"_blank\" rel=\"noopener\">domnul Sabin Gherman<\/a><\/span><\/strong>, <span style=\"color: #000000;\">unul dintre marii patrio\u021bi ai Rom\u00e2niei, \u0219i m\u0103 g\u00e2ndeam la ce spunea despre cazul<\/span>\u00a0<strong><span style=\"color: #0000ff;\"><a style=\"color: #0000ff;\" href=\"https:\/\/www.gandul.ro\/politica\/dupa-patru-luni-de-inchisoare-fetita-mi-a-murit-am-cerut-invoire-sa-vin-la-nmormantare-nu-mi-au-dat-angela-2-ani-si-6-luni-de-inchisoare-pentru-ca-a-furat-25-de-lalele-12695165\" target=\"_blank\" rel=\"noopener\">Angelei Lican<\/a><\/span><\/strong>, <span style=\"color: #000000;\">femeia care a fost condamnat\u0103 doi ani \u0219i \u0219ase luni, cu executare pentru furtul a dou\u0103zeci \u0219i cinci de lalele.<\/span><\/p>\n<p><span style=\"color: #000000;\">B\u0103i, furtul este furt. am \u00een\u021beles, domnu&#8217; judec\u0103tor a ajuns acolo s\u0103 striveasc\u0103 r\u0103ul cu cioc\u0103nelul, infrac\u021biunile trebuie pedepsite exemplar, bla,bla,bla. <\/span><\/p>\n<p><span style=\"color: #000000;\">Dar c\u00e2nd \u00eentre timp cite\u0219ti c\u0103 unul ca<\/span> <strong><span style=\"color: #0000ff;\"><a style=\"color: #0000ff;\" href=\"https:\/\/adevarul.ro\/stiri-interne\/evenimente\/generalul-iulian-gherghe-iertat-de-inchisoare-pe-2138587.html\" target=\"_blank\" rel=\"noopener\">Generalul Iulian Gherghe<\/a><\/span><\/strong> <span style=\"color: #000000;\">care a ciordit <strong>180.000 de $<\/strong>, a fost condamnat la un an \u0219i \u0219apte luni cu suspendare, parc\u0103 \u00eencepi s\u0103 te clatini pu\u021bin \u00een tine. Domnu&#8217; gheneral fost iertat de onorata instan\u021b\u0103 pe motive de v\u00e2rst\u0103, educa\u021bie \u0219i bune caracteriz\u0103ri culese de la vecini. Probabil s-a dat \u0219i \u00een bobi \u0219i a ie\u0219it de bine pentru d\u00e2nsul.<\/span><\/p>\n<p><span style=\"color: #000000;\">Stai \u00een cur pe bordur\u0103, \u00een pauza de mas\u0103, \u00ee\u021bi m\u00e2n\u00e2nci sandivi\u0219u cu parizer \u021b\u0103r\u0103nesc, scrolezi pe telefonul dup\u0103 ceva \u0219tiri \u0219i dai de achitarea lui<\/span>\u00a0<strong><span style=\"color: #0000ff;\"><a style=\"color: #0000ff;\" href=\"https:\/\/www.digi24.ro\/stiri\/actualitate\/justitie\/decizii-fara-precedent-achitari-sau-dosare-reluate-de-la-zero-cele-mai-importante-procese-din-2024-3061439\" target=\"_blank\" rel=\"noopener\">B\u0103nicioiu<\/a><\/span><\/strong><span style=\"color: #000000;\">\u00a0sau de f\u00e2s\u00e2iala f\u0103r\u0103 vinova\u021bi,<\/span>\u00a0<strong><span style=\"color: #0000ff;\"><a style=\"color: #0000ff;\" href=\"https:\/\/www.digi24.ro\/stiri\/blocaj-la-curtea-suprema-in-dosarul-nordis-laura-vicol-si-vladimir-ciorba-afla-astazi-daca-scapa-de-arest-3120715\" target=\"_blank\" rel=\"noopener\">Nordis.<\/a><\/span><\/strong><\/p>\n<p><span style=\"color: #000000;\">Sau de respingerea de c\u0103tre Tribunalul Ploie\u0219ti a propunerii\u00a0 de arest preventiv pentru<\/span>\u00a0<strong><span style=\"color: #0000ff;\"><a style=\"color: #0000ff;\" href=\"https:\/\/romania.europalibera.org\/a\/horatiu-potra-eliberat-control-judiciar\/33234777.html\" target=\"_blank\" rel=\"noopener\">nepericulosul de Hora\u021biu Potra<\/a><\/span><\/strong> <span style=\"color: #000000;\">\u0219i \u00eenlocuirea lui cu controlul judiciar. M\u0103sur\u0103 care, dup\u0103 se \u0219tie, a mers excelent.\u00a0 <\/span><\/p>\n<p><span style=\"color: #000000;\">Dup\u0103 ce zilnic, timp de mul\u021bi ani, cite\u0219ti, ascul\u021bi \u0219tiri despre alte mii de asemenea dosare \u00een care boga\u021bii, influen\u021bii, sunt c\u00e2nt\u0103ri\u021bi altfel dec\u00e2t pule\u021bii obi\u0219nui\u021bi, ajungi s\u0103 sim\u021bi doar neputin\u021b\u0103, \u0219i ur\u0103, din aia visceral\u0103. <\/span><\/p>\n<p><span style=\"color: #000000;\">Pentru c\u0103 \u0219tii c\u0103 tu, ca consumator de sandvi\u0219 cu parizer, vei fi judecat cu celeritate \u0219i asprime. \u0218i dac\u0103 ai pu\u021bin\u0103 minte realizezi rapid c\u0103 \u00een Rom\u00e2nia nu trebuie s\u0103 furi lalele, \u00een schimb, este liber la furat milioane de euro.<\/span><\/p>\n<p><span style=\"color: #000000;\">Mai are rost s\u0103 te \u00eentrebi de ce una dintre sursele de hran\u0103 ale urii extremiste, din care se hr\u0103nesc unii ca Georgescu, Simion, este sistemul de justi\u021bie, c\u00e2nd e\u0219ti bombardat zilnic de decizii aiuritoare ale oamenilor \u00een rob\u0103?<\/span><\/p>\n<p><span style=\"color: #000000;\">Dup\u0103 ce l-am ascultat pe domnul Gherman, mi-am dat seama c\u0103 tot ce \u00eemi doresc, ca cet\u0103\u021bean proto-geto-rom\u00e2no al spa\u021biului carpato-danubiano-pontic, este s\u0103 ajung s\u0103 m\u0103 plictisesc tihnit \u00een Rom\u00e2nia. <\/span><\/p>\n<p><span style=\"color: #000000;\">F\u0103r\u0103 drame electorale, \u0219tiri cu devaliz\u0103ri de bugete, oameni care nu r\u0103spund pentru asta, infractori sexuali elibera\u021bi, vreau predictibilitate \u0219i foarte mult\u0103 plictiseal\u0103. Din nefericire nu o s\u0103 am parte de asemenea binecuv\u00e2ntare.<\/span><\/p>\n<p><span style=\"color: #000000;\">Hai s\u0103 ave\u021bi un weekend fain \u0219i s\u0103 v\u0103 plictisi\u021bi fiecare pe unde sunte\u021bi!<\/span><\/p>\n<p>&nbsp;<\/p>\n<p>&nbsp;<\/p>\n","protected":false},"excerpt":{"rendered":"<p>St\u0103team \u0219i \u00eel ascultam, cu foarte mare pl\u0103cere, ca de obicei pe\u00a0domnul Sabin Gherman, unul dintre marii patrio\u021bi ai Rom\u00e2niei, \u0219i m\u0103 g\u00e2ndeam la ce spunea despre cazul\u00a0Angelei Lican, femeia care a fost condamnat\u0103 doi ani \u0219i \u0219ase luni, cu executare pentru furtul a dou\u0103zeci \u0219i cinci de lalele. B\u0103i, furtul este furt. am \u00een\u021beles,&#8230;<\/p>\n","protected":false},"author":1,"featured_media":3297,"comment_status":"open","ping_status":"open","sticky":false,"template":"","format":"standard","meta":{"jetpack_post_was_ever_published":false,"_jetpack_newsletter_access":"","_jetpack_dont_email_post_to_subs":false,"_jetpack_newsletter_tier_id":0,"_jetpack_memberships_contains_paywalled_content":false,"_jetpack_memberships_contains_paid_content":false,"footnotes":""},"categories":[1],"tags":[],"class_list":["post-3296","post","type-post","status-publish","format-standard","has-post-thumbnail","hentry","category-uncategorized"],"yoast_head":"<!-- This site is optimized with the Yoast SEO plugin v27.4 - https:\/\/yoast.com\/product\/yoast-seo-wordpress\/ -->\n<title>Vreau s\u0103 m\u0103 plictisesc \u00een Rom\u00e2nia - Lista lui Edelweiss<\/title>\n<meta name=\"description\" content=\"Vreau s\u0103 m\u0103 plictisesc \u00een Rom\u00e2nia\" \/>\n<meta name=\"robots\" content=\"index, follow, max-snippet:-1, max-image-preview:large, max-video-preview:-1\" \/>\n<link rel=\"canonical\" href=\"https:\/\/listaluiedelweiss.ro\/index.php\/2025\/03\/15\/vreau-sa-ma-plictisesc-in-romania\/\" \/>\n<meta property=\"og:locale\" content=\"ro_RO\" \/>\n<meta property=\"og:type\" content=\"article\" \/>\n<meta property=\"og:title\" content=\"Vreau s\u0103 m\u0103 plictisesc \u00een Rom\u00e2nia - Lista lui Edelweiss\" \/>\n<meta property=\"og:description\" content=\"Vreau s\u0103 m\u0103 plictisesc \u00een Rom\u00e2nia\" \/>\n<meta property=\"og:url\" content=\"https:\/\/listaluiedelweiss.ro\/index.php\/2025\/03\/15\/vreau-sa-ma-plictisesc-in-romania\/\" \/>\n<meta property=\"og:site_name\" content=\"Lista lui Edelweiss\" \/>\n<meta property=\"article:publisher\" content=\"https:\/\/www.facebook.com\/profile.php?id=61573060528727\" \/>\n<meta property=\"article:author\" content=\"https:\/\/www.facebook.com\/profile.php?id=61573060528727\" \/>\n<meta property=\"article:published_time\" content=\"2025-03-15T05:52:31+00:00\" \/>\n<meta property=\"og:image\" content=\"https:\/\/listaluiedelweiss.ro\/wp-content\/uploads\/2025\/03\/plictiseala.jpg\" \/>\n\t<meta property=\"og:image:width\" content=\"640\" \/>\n\t<meta property=\"og:image:height\" content=\"394\" \/>\n\t<meta property=\"og:image:type\" content=\"image\/jpeg\" \/>\n<meta name=\"author\" content=\"Edelweiss\" \/>\n<meta name=\"twitter:card\" content=\"summary_large_image\" \/>\n<meta name=\"twitter:label1\" content=\"Scris de\" \/>\n\t<meta name=\"twitter:data1\" content=\"Edelweiss\" \/>\n\t<meta name=\"twitter:label2\" content=\"Timp estimat pentru citire\" \/>\n\t<meta name=\"twitter:data2\" content=\"3 minute\" \/>\n<script type=\"application\/ld+json\" class=\"yoast-schema-graph\">{\"@context\":\"https:\\\/\\\/schema.org\",\"@graph\":[{\"@type\":\"Article\",\"@id\":\"https:\\\/\\\/listaluiedelweiss.ro\\\/index.php\\\/2025\\\/03\\\/15\\\/vreau-sa-ma-plictisesc-in-romania\\\/#article\",\"isPartOf\":{\"@id\":\"https:\\\/\\\/listaluiedelweiss.ro\\\/index.php\\\/2025\\\/03\\\/15\\\/vreau-sa-ma-plictisesc-in-romania\\\/\"},\"author\":{\"name\":\"Edelweiss\",\"@id\":\"https:\\\/\\\/listaluiedelweiss.ro\\\/#\\\/schema\\\/person\\\/8cb7fb07445544ddf9ea8a880738937e\"},\"headline\":\"Vreau s\u0103 m\u0103 plictisesc \u00een Rom\u00e2nia\",\"datePublished\":\"2025-03-15T05:52:31+00:00\",\"mainEntityOfPage\":{\"@id\":\"https:\\\/\\\/listaluiedelweiss.ro\\\/index.php\\\/2025\\\/03\\\/15\\\/vreau-sa-ma-plictisesc-in-romania\\\/\"},\"wordCount\":471,\"commentCount\":10,\"publisher\":{\"@id\":\"https:\\\/\\\/listaluiedelweiss.ro\\\/#\\\/schema\\\/person\\\/8cb7fb07445544ddf9ea8a880738937e\"},\"image\":{\"@id\":\"https:\\\/\\\/listaluiedelweiss.ro\\\/index.php\\\/2025\\\/03\\\/15\\\/vreau-sa-ma-plictisesc-in-romania\\\/#primaryimage\"},\"thumbnailUrl\":\"https:\\\/\\\/listaluiedelweiss.ro\\\/wp-content\\\/uploads\\\/2025\\\/03\\\/plictiseala.jpg\",\"articleSection\":[\"Uncategorized\"],\"inLanguage\":\"ro-RO\",\"potentialAction\":[{\"@type\":\"CommentAction\",\"name\":\"Comment\",\"target\":[\"https:\\\/\\\/listaluiedelweiss.ro\\\/index.php\\\/2025\\\/03\\\/15\\\/vreau-sa-ma-plictisesc-in-romania\\\/#respond\"]}]},{\"@type\":\"WebPage\",\"@id\":\"https:\\\/\\\/listaluiedelweiss.ro\\\/index.php\\\/2025\\\/03\\\/15\\\/vreau-sa-ma-plictisesc-in-romania\\\/\",\"url\":\"https:\\\/\\\/listaluiedelweiss.ro\\\/index.php\\\/2025\\\/03\\\/15\\\/vreau-sa-ma-plictisesc-in-romania\\\/\",\"name\":\"Vreau s\u0103 m\u0103 plictisesc \u00een Rom\u00e2nia - Lista lui Edelweiss\",\"isPartOf\":{\"@id\":\"https:\\\/\\\/listaluiedelweiss.ro\\\/#website\"},\"primaryImageOfPage\":{\"@id\":\"https:\\\/\\\/listaluiedelweiss.ro\\\/index.php\\\/2025\\\/03\\\/15\\\/vreau-sa-ma-plictisesc-in-romania\\\/#primaryimage\"},\"image\":{\"@id\":\"https:\\\/\\\/listaluiedelweiss.ro\\\/index.php\\\/2025\\\/03\\\/15\\\/vreau-sa-ma-plictisesc-in-romania\\\/#primaryimage\"},\"thumbnailUrl\":\"https:\\\/\\\/listaluiedelweiss.ro\\\/wp-content\\\/uploads\\\/2025\\\/03\\\/plictiseala.jpg\",\"datePublished\":\"2025-03-15T05:52:31+00:00\",\"description\":\"Vreau s\u0103 m\u0103 plictisesc \u00een Rom\u00e2nia\",\"breadcrumb\":{\"@id\":\"https:\\\/\\\/listaluiedelweiss.ro\\\/index.php\\\/2025\\\/03\\\/15\\\/vreau-sa-ma-plictisesc-in-romania\\\/#breadcrumb\"},\"inLanguage\":\"ro-RO\",\"potentialAction\":[{\"@type\":\"ReadAction\",\"target\":[\"https:\\\/\\\/listaluiedelweiss.ro\\\/index.php\\\/2025\\\/03\\\/15\\\/vreau-sa-ma-plictisesc-in-romania\\\/\"]}]},{\"@type\":\"ImageObject\",\"inLanguage\":\"ro-RO\",\"@id\":\"https:\\\/\\\/listaluiedelweiss.ro\\\/index.php\\\/2025\\\/03\\\/15\\\/vreau-sa-ma-plictisesc-in-romania\\\/#primaryimage\",\"url\":\"https:\\\/\\\/listaluiedelweiss.ro\\\/wp-content\\\/uploads\\\/2025\\\/03\\\/plictiseala.jpg\",\"contentUrl\":\"https:\\\/\\\/listaluiedelweiss.ro\\\/wp-content\\\/uploads\\\/2025\\\/03\\\/plictiseala.jpg\",\"width\":640,\"height\":394},{\"@type\":\"BreadcrumbList\",\"@id\":\"https:\\\/\\\/listaluiedelweiss.ro\\\/index.php\\\/2025\\\/03\\\/15\\\/vreau-sa-ma-plictisesc-in-romania\\\/#breadcrumb\",\"itemListElement\":[{\"@type\":\"ListItem\",\"position\":1,\"name\":\"Home\",\"item\":\"https:\\\/\\\/listaluiedelweiss.ro\\\/\"},{\"@type\":\"ListItem\",\"position\":2,\"name\":\"Vreau s\u0103 m\u0103 plictisesc \u00een Rom\u00e2nia\"}]},{\"@type\":\"WebSite\",\"@id\":\"https:\\\/\\\/listaluiedelweiss.ro\\\/#website\",\"url\":\"https:\\\/\\\/listaluiedelweiss.ro\\\/\",\"name\":\"Lista lui Edelweiss\",\"description\":\"For truth, life, and heavy metal.\",\"publisher\":{\"@id\":\"https:\\\/\\\/listaluiedelweiss.ro\\\/#\\\/schema\\\/person\\\/8cb7fb07445544ddf9ea8a880738937e\"},\"potentialAction\":[{\"@type\":\"SearchAction\",\"target\":{\"@type\":\"EntryPoint\",\"urlTemplate\":\"https:\\\/\\\/listaluiedelweiss.ro\\\/?s={search_term_string}\"},\"query-input\":{\"@type\":\"PropertyValueSpecification\",\"valueRequired\":true,\"valueName\":\"search_term_string\"}}],\"inLanguage\":\"ro-RO\"},{\"@type\":[\"Person\",\"Organization\"],\"@id\":\"https:\\\/\\\/listaluiedelweiss.ro\\\/#\\\/schema\\\/person\\\/8cb7fb07445544ddf9ea8a880738937e\",\"name\":\"Edelweiss\",\"image\":{\"@type\":\"ImageObject\",\"inLanguage\":\"ro-RO\",\"@id\":\"https:\\\/\\\/secure.gravatar.com\\\/avatar\\\/edc47d38b4ff3b829e7d9c6bafbd137257ee3b0e2b1cd10e5732cf52c4ca059b?s=96&d=wavatar&r=g\",\"url\":\"https:\\\/\\\/secure.gravatar.com\\\/avatar\\\/edc47d38b4ff3b829e7d9c6bafbd137257ee3b0e2b1cd10e5732cf52c4ca059b?s=96&d=wavatar&r=g\",\"contentUrl\":\"https:\\\/\\\/secure.gravatar.com\\\/avatar\\\/edc47d38b4ff3b829e7d9c6bafbd137257ee3b0e2b1cd10e5732cf52c4ca059b?s=96&d=wavatar&r=g\",\"caption\":\"Edelweiss\"},\"logo\":{\"@id\":\"https:\\\/\\\/secure.gravatar.com\\\/avatar\\\/edc47d38b4ff3b829e7d9c6bafbd137257ee3b0e2b1cd10e5732cf52c4ca059b?s=96&d=wavatar&r=g\"},\"sameAs\":[\"https:\\\/\\\/listaluiedelweiss.ro\",\"https:\\\/\\\/www.facebook.com\\\/profile.php?id=61573060528727\",\"https:\\\/\\\/www.youtube.com\\\/@Edelweiss74\"],\"url\":\"https:\\\/\\\/listaluiedelweiss.ro\\\/index.php\\\/author\\\/admin_cm1eo3dr\\\/\"}]}<\/script>\n<!-- \/ Yoast SEO plugin. -->","yoast_head_json":{"title":"Vreau s\u0103 m\u0103 plictisesc \u00een Rom\u00e2nia - Lista lui Edelweiss","description":"Vreau s\u0103 m\u0103 plictisesc \u00een Rom\u00e2nia","robots":{"index":"index","follow":"follow","max-snippet":"max-snippet:-1","max-image-preview":"max-image-preview:large","max-video-preview":"max-video-preview:-1"},"canonical":"https:\/\/listaluiedelweiss.ro\/index.php\/2025\/03\/15\/vreau-sa-ma-plictisesc-in-romania\/","og_locale":"ro_RO","og_type":"article","og_title":"Vreau s\u0103 m\u0103 plictisesc \u00een Rom\u00e2nia - Lista lui Edelweiss","og_description":"Vreau s\u0103 m\u0103 plictisesc \u00een Rom\u00e2nia","og_url":"https:\/\/listaluiedelweiss.ro\/index.php\/2025\/03\/15\/vreau-sa-ma-plictisesc-in-romania\/","og_site_name":"Lista lui Edelweiss","article_publisher":"https:\/\/www.facebook.com\/profile.php?id=61573060528727","article_author":"https:\/\/www.facebook.com\/profile.php?id=61573060528727","article_published_time":"2025-03-15T05:52:31+00:00","og_image":[{"width":640,"height":394,"url":"https:\/\/listaluiedelweiss.ro\/wp-content\/uploads\/2025\/03\/plictiseala.jpg","type":"image\/jpeg"}],"author":"Edelweiss","twitter_card":"summary_large_image","twitter_misc":{"Scris de":"Edelweiss","Timp estimat pentru citire":"3 minute"},"schema":{"@context":"https:\/\/schema.org","@graph":[{"@type":"Article","@id":"https:\/\/listaluiedelweiss.ro\/index.php\/2025\/03\/15\/vreau-sa-ma-plictisesc-in-romania\/#article","isPartOf":{"@id":"https:\/\/listaluiedelweiss.ro\/index.php\/2025\/03\/15\/vreau-sa-ma-plictisesc-in-romania\/"},"author":{"name":"Edelweiss","@id":"https:\/\/listaluiedelweiss.ro\/#\/schema\/person\/8cb7fb07445544ddf9ea8a880738937e"},"headline":"Vreau s\u0103 m\u0103 plictisesc \u00een Rom\u00e2nia","datePublished":"2025-03-15T05:52:31+00:00","mainEntityOfPage":{"@id":"https:\/\/listaluiedelweiss.ro\/index.php\/2025\/03\/15\/vreau-sa-ma-plictisesc-in-romania\/"},"wordCount":471,"commentCount":10,"publisher":{"@id":"https:\/\/listaluiedelweiss.ro\/#\/schema\/person\/8cb7fb07445544ddf9ea8a880738937e"},"image":{"@id":"https:\/\/listaluiedelweiss.ro\/index.php\/2025\/03\/15\/vreau-sa-ma-plictisesc-in-romania\/#primaryimage"},"thumbnailUrl":"https:\/\/listaluiedelweiss.ro\/wp-content\/uploads\/2025\/03\/plictiseala.jpg","articleSection":["Uncategorized"],"inLanguage":"ro-RO","potentialAction":[{"@type":"CommentAction","name":"Comment","target":["https:\/\/listaluiedelweiss.ro\/index.php\/2025\/03\/15\/vreau-sa-ma-plictisesc-in-romania\/#respond"]}]},{"@type":"WebPage","@id":"https:\/\/listaluiedelweiss.ro\/index.php\/2025\/03\/15\/vreau-sa-ma-plictisesc-in-romania\/","url":"https:\/\/listaluiedelweiss.ro\/index.php\/2025\/03\/15\/vreau-sa-ma-plictisesc-in-romania\/","name":"Vreau s\u0103 m\u0103 plictisesc \u00een Rom\u00e2nia - Lista lui Edelweiss","isPartOf":{"@id":"https:\/\/listaluiedelweiss.ro\/#website"},"primaryImageOfPage":{"@id":"https:\/\/listaluiedelweiss.ro\/index.php\/2025\/03\/15\/vreau-sa-ma-plictisesc-in-romania\/#primaryimage"},"image":{"@id":"https:\/\/listaluiedelweiss.ro\/index.php\/2025\/03\/15\/vreau-sa-ma-plictisesc-in-romania\/#primaryimage"},"thumbnailUrl":"https:\/\/listaluiedelweiss.ro\/wp-content\/uploads\/2025\/03\/plictiseala.jpg","datePublished":"2025-03-15T05:52:31+00:00","description":"Vreau s\u0103 m\u0103 plictisesc \u00een Rom\u00e2nia","breadcrumb":{"@id":"https:\/\/listaluiedelweiss.ro\/index.php\/2025\/03\/15\/vreau-sa-ma-plictisesc-in-romania\/#breadcrumb"},"inLanguage":"ro-RO","potentialAction":[{"@type":"ReadAction","target":["https:\/\/listaluiedelweiss.ro\/index.php\/2025\/03\/15\/vreau-sa-ma-plictisesc-in-romania\/"]}]},{"@type":"ImageObject","inLanguage":"ro-RO","@id":"https:\/\/listaluiedelweiss.ro\/index.php\/2025\/03\/15\/vreau-sa-ma-plictisesc-in-romania\/#primaryimage","url":"https:\/\/listaluiedelweiss.ro\/wp-content\/uploads\/2025\/03\/plictiseala.jpg","contentUrl":"https:\/\/listaluiedelweiss.ro\/wp-content\/uploads\/2025\/03\/plictiseala.jpg","width":640,"height":394},{"@type":"BreadcrumbList","@id":"https:\/\/listaluiedelweiss.ro\/index.php\/2025\/03\/15\/vreau-sa-ma-plictisesc-in-romania\/#breadcrumb","itemListElement":[{"@type":"ListItem","position":1,"name":"Home","item":"https:\/\/listaluiedelweiss.ro\/"},{"@type":"ListItem","position":2,"name":"Vreau s\u0103 m\u0103 plictisesc \u00een Rom\u00e2nia"}]},{"@type":"WebSite","@id":"https:\/\/listaluiedelweiss.ro\/#website","url":"https:\/\/listaluiedelweiss.ro\/","name":"Lista lui Edelweiss","description":"For truth, life, and heavy metal.","publisher":{"@id":"https:\/\/listaluiedelweiss.ro\/#\/schema\/person\/8cb7fb07445544ddf9ea8a880738937e"},"potentialAction":[{"@type":"SearchAction","target":{"@type":"EntryPoint","urlTemplate":"https:\/\/listaluiedelweiss.ro\/?s={search_term_string}"},"query-input":{"@type":"PropertyValueSpecification","valueRequired":true,"valueName":"search_term_string"}}],"inLanguage":"ro-RO"},{"@type":["Person","Organization"],"@id":"https:\/\/listaluiedelweiss.ro\/#\/schema\/person\/8cb7fb07445544ddf9ea8a880738937e","name":"Edelweiss","image":{"@type":"ImageObject","inLanguage":"ro-RO","@id":"https:\/\/secure.gravatar.com\/avatar\/edc47d38b4ff3b829e7d9c6bafbd137257ee3b0e2b1cd10e5732cf52c4ca059b?s=96&d=wavatar&r=g","url":"https:\/\/secure.gravatar.com\/avatar\/edc47d38b4ff3b829e7d9c6bafbd137257ee3b0e2b1cd10e5732cf52c4ca059b?s=96&d=wavatar&r=g","contentUrl":"https:\/\/secure.gravatar.com\/avatar\/edc47d38b4ff3b829e7d9c6bafbd137257ee3b0e2b1cd10e5732cf52c4ca059b?s=96&d=wavatar&r=g","caption":"Edelweiss"},"logo":{"@id":"https:\/\/secure.gravatar.com\/avatar\/edc47d38b4ff3b829e7d9c6bafbd137257ee3b0e2b1cd10e5732cf52c4ca059b?s=96&d=wavatar&r=g"},"sameAs":["https:\/\/listaluiedelweiss.ro","https:\/\/www.facebook.com\/profile.php?id=61573060528727","https:\/\/www.youtube.com\/@Edelweiss74"],"url":"https:\/\/listaluiedelweiss.ro\/index.php\/author\/admin_cm1eo3dr\/"}]}},"jetpack_featured_media_url":"https:\/\/listaluiedelweiss.ro\/wp-content\/uploads\/2025\/03\/plictiseala.jpg","jetpack_sharing_enabled":true,"_links":{"self":[{"href":"https:\/\/listaluiedelweiss.ro\/index.php\/wp-json\/wp\/v2\/posts\/3296","targetHints":{"allow":["GET"]}}],"collection":[{"href":"https:\/\/listaluiedelweiss.ro\/index.php\/wp-json\/wp\/v2\/posts"}],"about":[{"href":"https:\/\/listaluiedelweiss.ro\/index.php\/wp-json\/wp\/v2\/types\/post"}],"author":[{"embeddable":true,"href":"https:\/\/listaluiedelweiss.ro\/index.php\/wp-json\/wp\/v2\/users\/1"}],"replies":[{"embeddable":true,"href":"https:\/\/listaluiedelweiss.ro\/index.php\/wp-json\/wp\/v2\/comments?post=3296"}],"version-history":[{"count":11,"href":"https:\/\/listaluiedelweiss.ro\/index.php\/wp-json\/wp\/v2\/posts\/3296\/revisions"}],"predecessor-version":[{"id":3308,"href":"https:\/\/listaluiedelweiss.ro\/index.php\/wp-json\/wp\/v2\/posts\/3296\/revisions\/3308"}],"wp:featuredmedia":[{"embeddable":true,"href":"https:\/\/listaluiedelweiss.ro\/index.php\/wp-json\/wp\/v2\/media\/3297"}],"wp:attachment":[{"href":"https:\/\/listaluiedelweiss.ro\/index.php\/wp-json\/wp\/v2\/media?parent=3296"}],"wp:term":[{"taxonomy":"category","embeddable":true,"href":"https:\/\/listaluiedelweiss.ro\/index.php\/wp-json\/wp\/v2\/categories?post=3296"},{"taxonomy":"post_tag","embeddable":true,"href":"https:\/\/listaluiedelweiss.ro\/index.php\/wp-json\/wp\/v2\/tags?post=3296"}],"curies":[{"name":"wp","href":"https:\/\/api.w.org\/{rel}","templated":true}]}}